{"id":227,"date":"2013-08-22T16:22:31","date_gmt":"2013-08-22T16:22:31","guid":{"rendered":"http:\/\/www.karen-susan-fessel.de\/?p=227"},"modified":"2017-01-16T15:00:00","modified_gmt":"2017-01-16T13:00:00","slug":"neu-onlineshop-auch-fur-vergriffene-bucher","status":"publish","type":"post","link":"http:\/\/www.karen-susan-fessel.de\/index.php\/neu-onlineshop-auch-fur-vergriffene-bucher\/","title":{"rendered":"Neues vom Schreibtisch"},"content":{"rendered":"<p style=\"text-align: left;\">Die Herbstferien in Berlin sind vorbei, und Karen-Susan Fessels 27. Buch &#8222;Liebe macht Anders&#8220; (Thriller, ab 14, Kosmos) in der brandneuen Reihe Herzblut wird bereits hei\u00df diskutiert &#8230; in diversen Leserforen wie lovelybooks.de zum Beispiel. Im Buch\u00a0<span style=\"font-size: 16px;\">geht es um Anders, der neu in Sannes Klasse kommt und nicht nur Anders hei\u00dft, sondern auch ganz anders ist. Das aber gef\u00e4llt einigen Jungs aus der kleinen Stadt so ganz und gar nicht &#8230; Stuttgart-Premiere am 19. Oktober im Rahmen der Stuttgartnacht im Zentrum Wei\u00dfenburg!<\/span><\/p>\n<p style=\"text-align: left;\">Ein neues Buch f\u00fcr die Reihe Herzblut ist schon in der Planung; Erscheinungstermin: Herbst 2014.<\/p>\n<p style=\"text-align: left;\">Nach dem umfangreichen Roman &#8222;Leise T\u00f6ne&#8220; (2010) ist bereits im Fr\u00fchjahr im Querverlag das schmale, aber umso eindringlichere Buch mit dem Titel &#8222;was du willst&#8220; ver\u00f6ffentlicht worden, in dem es um eines der Lieblingsthemen Karen-Susan Fessels geht: Sehnsucht und das, was man daraus macht.<\/p>\n<p style=\"text-align: left;\">Auch um Sehnsucht, aber diesmal auf recht vergn\u00fcgliche Weise, geht es im n\u00e4chsten Roman f\u00fcr Erwachsene, der im Fr\u00fchjahr 2014 beim Querverlag erscheint. Hauptfigur Britt hat nicht nur reichlich mit ihrer Mutter zu tun, sondern auch mit einem sehr h\u00e4sslichen Hund, einer sehr attraktiven Tier\u00e4rztin und einem Steuerparadies, das sich in einem s\u00fcdlich gelegenen Nachbarland befindet &#8230; Mit der Arbeit an &#8222;Bronko&#8220; (Arbeitstitel) hat Karen-Susan Fessel soeben begonnen.<\/p>\n<p style=\"text-align: left;\"><span style=\"font-size: 16px;\">Bereits satzfertig ist ein weiteres Manuskript f\u00fcr Jugendliche ab 14: &#8222;Schattenblicke&#8220;, ein Krimi, der in gleich drei L\u00e4ndern spielt: in Deutschland, Ungarn und Serbien. Bereits im letzten Jahr hat Karen-Susan Fessel dazu mithilfe des Grenzg\u00e4nger-Stipendiums der Robert-Bosch-Stiftung Serbien bereist und daf\u00fcr recherchiert, in Ungarn war sie schon 2009 unterwegs im Rahmen einer Lesereise auf Einladung des Goethe-Instituts. &#8222;Schattenblicke&#8220; erscheint im Februar 2014 bei dtv.<\/span><\/p>\n<p style=\"text-align: left;\">Und fertiggestellt ist auch ein ganz anderes Projekt, an das \u00a0Karen-Susan Fessel sich erstmals zusammen mit einer Schriftstellerkollegin &#8211; Regina N\u00f6ssler &#8211; gewagt hat: ein Midi-Band f\u00fcr die erfolgreiche Kinderkrimireihe &#8222;Die drei ??? KIDS&#8220;, f\u00fcr LeserInnen ab 8 Jahren &#8230; \u00a0Voraussichtlich erscheinen wird der Band mit dem Arbeitstitel &#8222;Die Katze im Sack&#8220; Ende des Jahres.<\/p>\n<p style=\"text-align: left;\">In Planung weiterhin: ein Kinderbuch um zwei sehr umtriebige Jungs und ihren alleinerziehenden Vater &#8230;<\/p>\n<p style=\"text-align: left;\">Es bleibt also spannend!<\/p>\n<p style=\"text-align: left;\">\n","protected":false},"excerpt":{"rendered":"<p>Die Herbstferien in Berlin sind vorbei, und Karen-Susan Fessels 27. Buch &#8222;Liebe macht Anders&#8220; (Thriller, ab 14, Kosmos) in der brandneuen Reihe Herzblut wird bereits hei\u00df diskutiert &#8230; in diversen Leserforen wie lovelybooks.de zum Beispiel. Im Buch\u00a0geht es um Anders, der neu in Sannes Klasse kommt und nicht nur Anders hei\u00dft, sondern auch ganz anders &hellip; <\/p>\n<p class=\"link-more\"><a href=\"http:\/\/www.karen-susan-fessel.de\/index.php\/neu-onlineshop-auch-fur-vergriffene-bucher\/\" class=\"more-link\"><span class=\"screen-reader-text\">\u201eNeues vom Schreibtisch\u201c <\/span>weiterlesen<\/a><\/p>\n","protected":false},"author":2,"featured_media":0,"comment_status":"closed","ping_status":"closed","sticky":false,"template":"","format":"standard","meta":{"footnotes":""},"categories":[3],"tags":[],"class_list":["post-227","post","type-post","status-publish","format-standard","hentry","category-neues-vom-schreibtisch"],"_links":{"self":[{"href":"http:\/\/www.karen-susan-fessel.de\/index.php\/wp-json\/wp\/v2\/posts\/227","targetHints":{"allow":["GET"]}}],"collection":[{"href":"http:\/\/www.karen-susan-fessel.de\/index.php\/wp-json\/wp\/v2\/posts"}],"about":[{"href":"http:\/\/www.karen-susan-fessel.de\/index.php\/wp-json\/wp\/v2\/types\/post"}],"author":[{"embeddable":true,"href":"http:\/\/www.karen-susan-fessel.de\/index.php\/wp-json\/wp\/v2\/users\/2"}],"replies":[{"embeddable":true,"href":"http:\/\/www.karen-susan-fessel.de\/index.php\/wp-json\/wp\/v2\/comments?post=227"}],"version-history":[{"count":1,"href":"http:\/\/www.karen-susan-fessel.de\/index.php\/wp-json\/wp\/v2\/posts\/227\/revisions"}],"predecessor-version":[{"id":1149,"href":"http:\/\/www.karen-susan-fessel.de\/index.php\/wp-json\/wp\/v2\/posts\/227\/revisions\/1149"}],"wp:attachment":[{"href":"http:\/\/www.karen-susan-fessel.de\/index.php\/wp-json\/wp\/v2\/media?parent=227"}],"wp:term":[{"taxonomy":"category","embeddable":true,"href":"http:\/\/www.karen-susan-fessel.de\/index.php\/wp-json\/wp\/v2\/categories?post=227"},{"taxonomy":"post_tag","embeddable":true,"href":"http:\/\/www.karen-susan-fessel.de\/index.php\/wp-json\/wp\/v2\/tags?post=227"}],"curies":[{"name":"wp","href":"https:\/\/api.w.org\/{rel}","templated":true}]}}