{"id":305,"date":"2013-02-12T11:02:01","date_gmt":"2013-02-12T11:02:01","guid":{"rendered":"http:\/\/www.karen-susan-fessel.de\/?p=305"},"modified":"2017-01-16T15:00:17","modified_gmt":"2017-01-16T13:00:17","slug":"endlich-wieder-lieferbar-max-in-den-wolken","status":"publish","type":"post","link":"http:\/\/www.karen-susan-fessel.de\/index.php\/endlich-wieder-lieferbar-max-in-den-wolken\/","title":{"rendered":"Endlich wieder lieferbar: &#8222;Max in den Wolken&#8220;!"},"content":{"rendered":"<p>Endlich wieder lieferbar ist Karen-Susan Fessels spannender Roman &#8222;Max in den Wolken&#8220;, \u00a0(ab 14, BOD, broschierte Ausgabe, 13,90 \u20ac). Zeitgleich erschienen ist auch die E-Book-Version. Beide Versionen sind \u00fcber den normalen Buchhandel, aber auch \u00fcber diese Website direkt zu beziehen<\/p>\n<p>Ebenfalls bei BOD als broschierte Ausgaben neu herausgegeben in den letzten Monaten sind die beim Verlag Friedrich Oetinger aus dem Programm gegangenen Kinder- und Jugendbuchtitel &#8222;Und wenn schon!&#8220;, &#8222;Feuer im Kopf&#8220;, &#8222;Achtung, M\u00e4dchen gesucht!&#8220;, \u00a0&#8222;Achtung, Jungs unterwegs!&#8220; und &#8222;Polarchaoten&#8220;. Alle Titel sind ebenfalls als E-Book-Ausgaben lieferbar.<\/p>\n<p>Beim Verlag Friedrich Oetinger weiterhin erh\u00e4ltlich: Karen-Susan Fessels &#8222;Trauerklassiker&#8220; &#8222;Ein Stern namens Mama&#8220; (ab 10 Jahren).<\/p>\n<p>Zudem lieferbar: die Schultaschenbuchausgaben von &#8222;Ausgerechnet du&#8220; (ab 14, Schroedel-Verlag) und &#8222;Und wenn schon!&#8220; (Klett); im Querverlag zudem die \u00a0Taschenbuchausgabe von \u00a0&#8222;Steingesicht&#8220; (ab 14) und &#8222;Jenny mit O&#8220;(ab 15).<\/p>\n<p>Zur Zeit im normalen Buchhandel nicht lieferbar sind ausschlie\u00dflich die beiden Kinderb\u00fccher &#8222;Lametta am Himmel&#8220; und &#8222;GG &#8211; was ist das?&#8220;. Aber auch das wird sich wieder \u00e4ndern &#8230; vermutlich noch im Laufe des Jahres!<\/p>\n<p>&nbsp;<\/p>\n<p>&nbsp;<\/p>\n<p>&nbsp;<\/p>\n","protected":false},"excerpt":{"rendered":"<p>Endlich wieder lieferbar ist Karen-Susan Fessels spannender Roman &#8222;Max in den Wolken&#8220;, \u00a0(ab 14, BOD, broschierte Ausgabe, 13,90 \u20ac). Zeitgleich erschienen ist auch die E-Book-Version. Beide Versionen sind \u00fcber den normalen Buchhandel, aber auch \u00fcber diese Website direkt zu beziehen Ebenfalls bei BOD als broschierte Ausgaben neu herausgegeben in den letzten Monaten sind die beim &hellip; <\/p>\n<p class=\"link-more\"><a href=\"http:\/\/www.karen-susan-fessel.de\/index.php\/endlich-wieder-lieferbar-max-in-den-wolken\/\" class=\"more-link\"><span class=\"screen-reader-text\">\u201eEndlich wieder lieferbar: &#8222;Max in den Wolken&#8220;!\u201c <\/span>weiterlesen<\/a><\/p>\n","protected":false},"author":2,"featured_media":0,"comment_status":"closed","ping_status":"closed","sticky":false,"template":"","format":"standard","meta":{"footnotes":""},"categories":[1],"tags":[],"class_list":["post-305","post","type-post","status-publish","format-standard","hentry","category-allgemein"],"_links":{"self":[{"href":"http:\/\/www.karen-susan-fessel.de\/index.php\/wp-json\/wp\/v2\/posts\/305","targetHints":{"allow":["GET"]}}],"collection":[{"href":"http:\/\/www.karen-susan-fessel.de\/index.php\/wp-json\/wp\/v2\/posts"}],"about":[{"href":"http:\/\/www.karen-susan-fessel.de\/index.php\/wp-json\/wp\/v2\/types\/post"}],"author":[{"embeddable":true,"href":"http:\/\/www.karen-susan-fessel.de\/index.php\/wp-json\/wp\/v2\/users\/2"}],"replies":[{"embeddable":true,"href":"http:\/\/www.karen-susan-fessel.de\/index.php\/wp-json\/wp\/v2\/comments?post=305"}],"version-history":[{"count":1,"href":"http:\/\/www.karen-susan-fessel.de\/index.php\/wp-json\/wp\/v2\/posts\/305\/revisions"}],"predecessor-version":[{"id":1152,"href":"http:\/\/www.karen-susan-fessel.de\/index.php\/wp-json\/wp\/v2\/posts\/305\/revisions\/1152"}],"wp:attachment":[{"href":"http:\/\/www.karen-susan-fessel.de\/index.php\/wp-json\/wp\/v2\/media?parent=305"}],"wp:term":[{"taxonomy":"category","embeddable":true,"href":"http:\/\/www.karen-susan-fessel.de\/index.php\/wp-json\/wp\/v2\/categories?post=305"},{"taxonomy":"post_tag","embeddable":true,"href":"http:\/\/www.karen-susan-fessel.de\/index.php\/wp-json\/wp\/v2\/tags?post=305"}],"curies":[{"name":"wp","href":"https:\/\/api.w.org\/{rel}","templated":true}]}}