{"id":420,"date":"2013-11-02T17:49:14","date_gmt":"2013-11-02T15:49:14","guid":{"rendered":"http:\/\/www.karen-susan-fessel.de\/?p=420"},"modified":"2017-01-16T15:00:00","modified_gmt":"2017-01-16T13:00:00","slug":"die-monatsbotin-notizen-aus-dem-vierten-stock-november-2013","status":"publish","type":"post","link":"http:\/\/www.karen-susan-fessel.de\/index.php\/die-monatsbotin-notizen-aus-dem-vierten-stock-november-2013\/","title":{"rendered":"Die Monatsbotin: Notizen aus dem vierten Stock \/\/ November 2013"},"content":{"rendered":"<h2><b style=\"font-size: 16px;\">Hier ist sie, die zweite Ausgabe der Monatsbotin von Karen-Susan Fessel &#8211; mit Notizen, Gedanken und Terminen vom Schreibtisch aus dem vierten Stock in Berlin-Kreuzberg.<\/b><\/h2>\n<p><b>Wem sie zusagt, schickt eine kurze Mail an <a href=\"mailto:kontakt@karen-susan-fessel.de\">kontakt@karen-susan-fessel.de<\/a> und schon landet die Monatsbotin ab der n\u00e4chsten Ausgabe im virtuellen Briefkasten \u2026 Viel Spa\u00df beim Lesen w\u00fcnscht Karen-Susan Fessel!<\/b><\/p>\n<p><b><\/b><strong>Was war?<br \/>\n<\/strong>Der Oktober begann mit einer guten Aussicht: Die erste \u00dcbersetzung eines meiner B\u00fccher f\u00fcr Erwachsene bahnt sich an! Einige meiner Kinder- und Jugendb\u00fccher sind ja bereits in zahlreiche Sprachen \u00fcbersetzt worden \u2013 zum Beispiel \u201eUnd wenn schon!\u201c nach Taiwan und China oder \u201eEin Stern namens Mama\u201c nach Korea, China, Taiwan, Japan und Polen \u2013, aber von meinen Werken f\u00fcr Erwachsene ist bislang nur eine Kurzgeschichte in einem US-amerikanischen Erz\u00e4hlband ver\u00f6ffentlicht worden. Sofern alles gut geht, wird nun also \u201eBilder von ihr\u201c (1996 erstmalig erschienen) in absehbarer Zukunft in einer europ\u00e4ischen Sprache zu lesen sein. Wer diese als Erste oder Erster richtig err\u00e4t, bekommt dann nach Erscheinen ein druckfrisches Exemplar, vielleicht ein sch\u00f6ner Ansto\u00df, genau diese Sprache zu erlernen \u2026 Zuschriften unter <a href=\"mailto:kontakt@karen-susan-fessel.de\">kontakt@karen-susan-fessel.de<\/a><\/p>\n<p>Bereits in der letzten Monatsbotin erw\u00e4hnt: das Schreibseminar \u201eBiografisches Schreiben f\u00fcr Frauen\u201c, das vom 3. bis 6. Oktober im Kreuzberger Schreibatelier Rathjen stattfand. Die f\u00fcnf Teilnehmerinnen aus Berlin und Niedersachsen hatten derart viel Spa\u00df am gemeinsamen Arbeiten, dass der n\u00e4chste Workshop im Februar 2013 bereits schon wieder fast ausgebucht ist: \u201eMein Buch\u201c \u2013 Schreibworkshop f\u00fcr Frauen, die ein eigenes Buch in Planung oder Arbeit haben. Dabei kann es sich um ein belletristisches oder biografisches Werk, aber auch ein Sachbuch handeln; wichtig ist nur, dass die Teilnehmerinnen vorab ein Expos\u00e9 (Inhaltsangabe) und evtl. vorhandene Textproben einsenden.<\/p>\n<p>Und die Termine f\u00fcr die folgenden Workshops stehen auch schon fest: 21. bis 23. M\u00e4rz 2014: Meine Nacht \u2013 Erotische Geschichten; 11. bis 13. April: Mein Text \u2013 Kurze Geschichten; 29. Mai bis 1. Juni: Meine Geschichte \u2013 Biografisches Schreiben f\u00fcr Frauen. Weitere Informationen und Anmeldung unter\u00a0<a href=\"mailto:kontakt@karen-susan-fessel.de\">lektorat@karen-susan-fessel.de<\/a>.<\/p>\n<p>Aus Berlin ging es dann am 9. Oktober f\u00fcr mich mit perfekter Begleitung nach Bern, in die mit ihrer historischen Altbauten sehr malerisch anmutende Hauptstadt der Schweiz, wo ich anl\u00e4sslich der neugegr\u00fcndeten Lesefestes \u201eBern liest queer\u201c auf Einladung des sehr engagierten Buchladens <a title=\"queerbooks\" href=\"http:\/\/www.queerbooks.ch\/\" target=\"_blank\">queerbooks<\/a>\u00a0\u201eLeise T\u00f6ne\u201c und \u201ewas du willst\u201c vorstellte. Und weil die Altstadt, umringt von der unglaublich blaugr\u00fcn schimmernden Aare, so sch\u00f6n war, h\u00e4ngten wir gleich noch einen Tag an \u2013 eine Seltenheit in meinem vollgepackten Terminkalender. Aber wir blieben nicht nur aus Sch\u00f6nheitsgr\u00fcnden l\u00e4nger, sondern vorrangig zu Recherchezwecken: Gibt doch die Schweiz erstmalig die Kulisse f\u00fcr eines meiner B\u00fccher ab, n\u00e4mlich f\u00fcr dasjenige, an dem ich nunmehr seit einigen Wochen arbeite: \u201eBronko\u201c (Arbeitstitel), dem Roman f\u00fcr Erwachsene, der im Fr\u00fchjahr 2014 im Berliner <a title=\"Querverlag\" href=\"http:\/\/www.querverlag.de\" target=\"_blank\">Querverlag <\/a>erscheinen wird. \u201eBronko\u201c selbst, ein kleiner, nicht gerade ansehnlicher Hund, der eine allerdings sehr ansehnliche Nebenrolle spielt, ist mittlerweile auf Seite 101 angekommen und damit, und so schlie\u00dft sich der Bogen, in der sch\u00f6nen Schweiz\u00a0 \u2026 Allerdings in Zug und nicht in Bern selbst, wo es derartig in Str\u00f6men regnete, dass ich den ausgedehnten Stadtrundgang nur unter einem im Hotel ausgeliehenen, mit bunten H\u00e4schen verzierten Regenschirm bew\u00e4ltigen konnte; auch das M\u00fcnster zu besteigen, gelang nur ansatzweise, und das Hotelzimmer der ersten Nacht war zwar recht sch\u00e4big, aber daf\u00fcr das teuerste, in dem ich bislang jemals untergebracht war. Aber daf\u00fcr reisten wir dann auch mit zwei nagelneuen Regenschirmen und mannigfaltigen Eindr\u00fccken im Gep\u00e4ck zur\u00fcck die deutsche Hauptstadt. Nein, so sch\u00f6n wie die schweizerische ist Berlin nicht, aber daf\u00fcr ungleich gr\u00f6\u00dfer und lebendiger. Oder, um hier bei dieser Gelegenheit einmal meine gesch\u00e4tzte Freundin, die Journalistin und Verlegerin Manuela K. zu zitieren: \u201eBei uns in Berlin ist das Bier zwar warm, aber daf\u00fcr haben wir Ratten in den Vorg\u00e4rten.\u201c<\/p>\n<p>In ebendiesem Berlin bestritt ich dann eine gute Woche sp\u00e4ter, am 18. Oktober, zusammen mit Regina N\u00f6ssler, Cecilia J\u00f6nsson und meiner ersten Verlegerin Claudia Gehrke eine Gemeinschaftslesung, in der Band 12\/13 des aktuellen \u201elesbischen Auges\u201c vorgestellt wurde, eines munteren Sammelsuriums aus Texten, Bildern und Fotos zum lesbischen Leben, der allj\u00e4hrlich im T\u00fcbinger <a title=\"konkursbuch\" href=\"http:\/\/www.konkursbuch.com\/\" target=\"_blank\">konkursbuch<\/a>-Verlag erscheint. Pr\u00e4sentiert wurde der Abend von der umtriebigen Verlegerin Claudia Gehrke h\u00f6chstselbst, die bei dieser Gelegenheit auch noch einmal erz\u00e4hlte, wie sie im Jahre 1992 mein erstes Manuskript w\u00e4hrend einer Zugfahrt las und sich sofort entschloss, es ins Programm aufzunehmen. Mit dem Erscheinen von \u201eUnd abends mit Beleuchtung\u201c zwei Jahre sp\u00e4ter verhalf Claudia Gehrke mir somit zu meiner ersten Buchver\u00f6ffentlichung, wof\u00fcr ich ihr bis in alle Ewigkeit dankbar sein werde. Besonders am\u00fcsant erz\u00e4hlte sie die Geschichte \u00fcbrigens schon einmal im Mai 2011 im Rahmen der Laudatio, die sie anl\u00e4sslich des an mich verliehenen Rosa-Courage-Preises hielt.<\/p>\n<p>Der Abend im Eisenherz-Buchladen war zugleich die letzte Veranstaltung in der alten Liegenschaft in der Sch\u00f6neberger Lietzenburger Stra\u00dfe, denn zum Monatsende zog der Buchladen in die neuen Gesch\u00e4ftsr\u00e4ume in der Motzstra\u00dfe 23 um; somit bestritt ich also die letzte Lesung am alten Ort \u2013 dazu passt, dass ich seinerzeit auch die erste Lesung am alten Ort hielt: 2006 aus \u201eAbenteuer und Frauengeschichten\u201c. Ich freue mich auf viele weitere Lesungen an neuen und alten Orten und w\u00fcnsche dem Buchladen viel Erfolg in den neuen R\u00e4umen!<\/p>\n<p>Gleich am n\u00e4chsten Morgen ging es nach Stuttgart, wo ich abends im Rahmen der \u201eStuttgartnacht\u201c im schwullesbischen Veranstaltungszentrum Wei\u00dfenburg e.V. aus \u201ewas du willst\u201c und \u201eLiebe macht Anders\u201c las. Mit im Publikum sa\u00dfen gleich vier Damen aus dem Kosmos-Verlag, im dem letzteres Werk in diesem Juli in der Reihe Herzblut erschienen ist, und wir nutzten die Gunst der Stunde nicht nur, um darauf anzusto\u00dfen, sondern auch \u00fcber zuk\u00fcnftige Werke zu sprechen: Ebenfalls in der Reihe Herzblut wird voraussichtlich im Fr\u00fchjahr 2015 ein weiterer Thriller erscheinen, bereits im Juli 2014 kommt ein zusammen Regina N\u00f6ssler verfasster ???-Kids-Midi-Band heraus, und noch ein weiteres Buch ist im Gespr\u00e4ch \u2026<\/p>\n<p>Den restlichen Oktober widmete ich mich neben der Arbeit an \u201eBronko\u201c der Berliner und Brandenburger Jugend: In vier Lesungen in der Edith-Stein-Bibliothek Lichtenrade, der Bezirkzentralbibliothek Tempelhof und der Kreuzberger Lenau-Schule lauschten jeweils zwischen zwanzig und achtzig F\u00fcnft- und Sechstkl\u00e4ssler Ausschnitten aus \u201eEin Stern namens Mama\u201c, \u201eUnd wenn schon!\u201c sowie \u201eAchtung, M\u00e4dchen gesucht!\u201c.<\/p>\n<p>Zwei weitere Lesungen f\u00fchrten mich in die Nordendschule nach Eberswalde, wo zun\u00e4chst die F\u00fcnft- und Sechstkl\u00e4ssler der F\u00f6rderschule Louise aus \u201eEin Stern namens Mama\u201c und Manne aus \u201eUnd wenn schon!\u201c kennen lernten. Sie dankten es mir nicht nur mit gro\u00dfer Aufmerksamkeit und lebhaften Fragen, sondern auch mit einem selbstverfassten B\u00fcchlein in Heftform mit dem sch\u00f6nen Titel \u201eWas ich \u00fcber Schriftsteller wei\u00df\u201c. Darin erfuhr wiederum ich Dinge, die mir bis dahin ganz neu waren: dass Schriftsteller dick sind und F\u00e4den um den Hals tragen und das Papier ihrer B\u00fccher erstmal kauen, um zu sehen, ob es auch schmeckt \u2026 Die zweite Lesung an der Nordendschule hielt ich dann vor den Jahrg\u00e4ngen 9 und 10, f\u00fcr mich ein besonderer Genuss und eine besondere Herausforderung. Jugendliche ab 14 sind generell kein leicht zu eroberndes Lesepublikum, und so begegneten mir die Jugendlichen auch zun\u00e4chst mit gro\u00dfer Skepsis, die sich aber im Laufe der Lesung in sichtliches Interesse und gemeinsames Am\u00fcsement wandelte, woran sicherlich Leontine aus \u201eSteingesicht\u201c und Mike, Robin und Luke aus \u201ePolarchaoten\u201c ihren Anteil trugen. Auch die Neunt- und Zehntkl\u00e4ssler \u00fcberreichten mir am Ende der Veranstaltung ein Pr\u00e4sent, einen selbstgebrannten Tonbecher f\u00fcr Stifte, mit denen ich in Zukunft vielleicht auch meine Eindr\u00fccke aus Eberswalde notieren werde. Denn beide Lesungen werden mir in bester Erinnerung bleiben; unter anderem auch, weil die Schulbibliothek im Vorfeld zur Lesung gleich nahezu alle meine Kinder- und Jugendb\u00fccher angeschafft hat \u2013 neun St\u00fcck an der Zahl. Das hat Seltenheitswert, freut mich aber f\u00fcr die Eberswalder F\u00f6rdersch\u00fcler ganz besonders, denen ich viel Spa\u00df beim Weiterlesen w\u00fcnsche!<\/p>\n<p><strong>Und was kommt?<br \/>\n<\/strong>Der November ist traditionell wie der Oktober Reisezeit f\u00fcr Autoren, sind in diesen beiden Monaten doch die meisten Lesefeste und -wochen bundesweit angesiedelt. F\u00fcr mich geht es zun\u00e4chst zu einem Schreibworkshop nach Norderstedt, dann nach Sonderburg\/D\u00e4nemark und noch einmal nach Norderstedt, alles Veranstaltungen im Rahmen des Schleswig-Holsteinischen Kinder- und Jugendbuchwochen. Danach sind dann die Erwachsenen dran: nach Lesungen in Hamburg, Duisburg und Wuppertal steht als kr\u00f6nender Abschluss die letzte Veranstaltung des Jahres in Wien an. Danach hei\u00dft es dann haupts\u00e4chlich schreiben, und zwar ungef\u00e4hr noch hundert Seiten \u2013 Endspurt f\u00fcr \u201eBronko\u201c: Kurz vor Weihnachten ist Abgabetermin!\u00a0Wie gut, dass mir das Schreiben so viel Freude macht \u2026<\/p>\n<p><b>\u00d6ffentliche Termine im November:<br \/>\n<\/b>17. November, 17h: Hamburg, Caf\u00e9 Endlich: Lesung aus \u201ewas du willst\u201c und \u201eLiebe macht Anders\u201c \/\/ 20. November, 20h, Duisburg, Kleinkunsttheater \u201eDie S\u00e4ule\u201c: Lesung aus \u201eLeise T\u00f6ne\u201c und \u201ewas du willst\u201c \/\/ 22. November, 19h: Wuppertal, Frauenzentrum Urania: Lesung aus \u201ewas du willst\u201c und \u201eLiebe macht Anders\u201c \/\/ 27. November, 20h: Wien, Buchhandlung L\u00f6wenherz: Lesung aus \u201ewas du willst\u201c und \u201eLiebe macht Anders\u201c<b><\/b><\/p>\n<p>&nbsp;<\/p>\n","protected":false},"excerpt":{"rendered":"<p>Hier ist sie, die zweite Ausgabe der Monatsbotin von Karen-Susan Fessel &#8211; mit Notizen, Gedanken und Terminen vom Schreibtisch aus dem vierten Stock in Berlin-Kreuzberg. Wem sie zusagt, schickt eine kurze Mail an kontakt@karen-susan-fessel.de und schon landet die Monatsbotin ab der n\u00e4chsten Ausgabe im virtuellen Briefkasten \u2026 Viel Spa\u00df beim Lesen w\u00fcnscht Karen-Susan Fessel! Was &hellip; <\/p>\n<p class=\"link-more\"><a href=\"http:\/\/www.karen-susan-fessel.de\/index.php\/die-monatsbotin-notizen-aus-dem-vierten-stock-november-2013\/\" class=\"more-link\"><span class=\"screen-reader-text\">\u201eDie Monatsbotin: Notizen aus dem vierten Stock \/\/ November 2013\u201c <\/span>weiterlesen<\/a><\/p>\n","protected":false},"author":2,"featured_media":0,"comment_status":"closed","ping_status":"closed","sticky":false,"template":"","format":"standard","meta":{"footnotes":""},"categories":[3],"tags":[],"class_list":["post-420","post","type-post","status-publish","format-standard","hentry","category-neues-vom-schreibtisch"],"_links":{"self":[{"href":"http:\/\/www.karen-susan-fessel.de\/index.php\/wp-json\/wp\/v2\/posts\/420","targetHints":{"allow":["GET"]}}],"collection":[{"href":"http:\/\/www.karen-susan-fessel.de\/index.php\/wp-json\/wp\/v2\/posts"}],"about":[{"href":"http:\/\/www.karen-susan-fessel.de\/index.php\/wp-json\/wp\/v2\/types\/post"}],"author":[{"embeddable":true,"href":"http:\/\/www.karen-susan-fessel.de\/index.php\/wp-json\/wp\/v2\/users\/2"}],"replies":[{"embeddable":true,"href":"http:\/\/www.karen-susan-fessel.de\/index.php\/wp-json\/wp\/v2\/comments?post=420"}],"version-history":[{"count":1,"href":"http:\/\/www.karen-susan-fessel.de\/index.php\/wp-json\/wp\/v2\/posts\/420\/revisions"}],"predecessor-version":[{"id":1146,"href":"http:\/\/www.karen-susan-fessel.de\/index.php\/wp-json\/wp\/v2\/posts\/420\/revisions\/1146"}],"wp:attachment":[{"href":"http:\/\/www.karen-susan-fessel.de\/index.php\/wp-json\/wp\/v2\/media?parent=420"}],"wp:term":[{"taxonomy":"category","embeddable":true,"href":"http:\/\/www.karen-susan-fessel.de\/index.php\/wp-json\/wp\/v2\/categories?post=420"},{"taxonomy":"post_tag","embeddable":true,"href":"http:\/\/www.karen-susan-fessel.de\/index.php\/wp-json\/wp\/v2\/tags?post=420"}],"curies":[{"name":"wp","href":"https:\/\/api.w.org\/{rel}","templated":true}]}}