{"id":741,"date":"2014-06-04T09:34:08","date_gmt":"2014-06-04T07:34:08","guid":{"rendered":"http:\/\/www.karen-susan-fessel.de\/?p=741"},"modified":"2017-01-16T15:00:00","modified_gmt":"2017-01-16T13:00:00","slug":"die-monatsbotin-notizen-aus-dem-vierten-stock-juni-2014","status":"publish","type":"post","link":"http:\/\/www.karen-susan-fessel.de\/index.php\/die-monatsbotin-notizen-aus-dem-vierten-stock-juni-2014\/","title":{"rendered":"Die Monatsbotin: Notizen aus dem vierten Stock \/\/ Juni 2014"},"content":{"rendered":"<div>\n<div>\n<p align=\"center\"><b>Hier kommt sie, die neunte Ausgabe der Monatsbotin von Karen-Susan Fessel &#8211; mit Notizen, Gedanken und Terminen vom Schreibtisch aus dem vierten Stock in Berlin-Kreuzberg!<\/b><\/p>\n<p align=\"center\">Wem sie gef\u00e4llt: liebend gern weiterempfehlen! Wer aber versehentlich auf dem Verteiler gelandet ist oder schon viel zu viel zu lesen hat: Eine kurze Mail mit dem Hinweis \u201eKeine weiteren Einsendungen gew\u00fcnscht\u201c an\u00a0<a href=\"mailto:kontakt@karen-susan-fessel.de\" target=\"_blank\">kontakt@karen-susan-fessel.<wbr \/>de<\/a>\u00a0\u2013 und schon herrscht gespenstische Ruhe im virtuellen Briefkasten \u2026<\/p>\n<p align=\"center\"><b>Viel Spa\u00df beim Lesen w\u00fcnscht Karen-Susan Fessel!<\/b><\/p>\n<p><b>\u00a0Was war?<\/b><\/p>\n<p>Ein \u00e4u\u00dferst veranstaltungsreicher und turbulenter Monat, wie immer: Im Mai ist f\u00fcr alle Autoren immer Hoch-Lesezeit. F\u00fcr mich begann diese im sch\u00f6nen T\u00fcbingen, wo ich am\u00a03. Mai in der achtbar aus\u00a0meinem neuesten Werk \u201eBronko, meiner Frau Mutter und ich\u201c (Querverlag Berlin, 2014, erschienen im April)\u00a0vortrug &#8211; und damit den sch\u00f6nen Titel der\u00a0vom Frauenbuchladen Thalestris am h\u00e4ufigsten eingeladenen Autorinnen aller Zeiten\u00a0errang. Den will ich nat\u00fcrlich auch in Zukunft in Ehren weitertragen, weshalb ich also in B\u00e4lde an mein n\u00e4chstes Werk f\u00fcr Erwachsene in Angriff nehmen sollte &#8230;<\/p>\n<p><span style=\"color: #000000; font-family: Georgia;\">Von T\u00fcbingen aus ging es zu zwei Lesungen im baden-w\u00fcrttembergischen Gemmingen und Bretzfeld in der Hohenlohe, um in den \u00f6rtlichen (Schul-)Bibliotheken vor zahlreichen Sch\u00fclerInnen der 5. und 6. Klassen aus &#8222;Und wenn schon!&#8220; und anderen Jugendb\u00fcchern vorzutragen. Kaum zur\u00fcck in Berlin, war dann das Kontrastprogramm an der Reihe:\u00a0<\/span>\u00a0am 10. Mai war ich erneut beim gr\u00f6\u00dften deutschen Lesbenfestival L-Beach # 5 am Wei\u00dfenh\u00e4user Strand an der Ostsee zu Gast, um auch dort \u201eBronko, meine Frau Mutter und ich\u201c vorzustellen \u2013 genau wie eine Woche sp\u00e4ter in Z\u00fcrich, wo ich im Rahmen des \u201eWarmen Mai\u201c zudem einen eint\u00e4gigen Kurzgeschichten-Workshop anbot. Gleich neun h\u00f6chst interessierte und kreative Damen nahmen Teil und schrieben diverse Kleinode; und das wiederum machte allen so viel Spa\u00df, dass ein weiterer Workshop im Oktober bereits anvisiert ist. Was wiederum gut zu \u201eBronko, meine Frau Mutter und ich\u201c passt, denn das Werk spielt ja unter anderem in der sch\u00f6nen Schweiz, wo folgerichtig auch weitere Lesungen anvisiert sind &#8211; voraussichtlich zun\u00e4chst im November in Basel und Bern.<\/p>\n<p><span style=\"color: #000000; font-family: Georgia;\">Noch eine weitere Lesung stand an im Wonnemonat Mai, diesmal auf heimischem Boden in Berlin, und zwar am 28. \u00a0in der Kinder- und Jugendb\u00fccherei Pankow, wo wiederum eine sechste Klasse Manfred und\u00a0Co. aus &#8222;Und wenn schon!&#8220; und Mike, Robin und Luke aus &#8222;Achtung,\u00a0M\u00e4dchen gesucht!&#8220; lauschte. Diese Lesung wurde, wie f\u00fcnf weitere meiner Berliner Lesungen in diesem Jahr, durch den Berliner Autorenfonds erm\u00f6glicht, der Berliner Autoren max. sechs Lesungen im Jahr an \u00f6ffentlichen Einrichtungen und Schulen finanziert. Ein sch\u00f6nes Beispiel f\u00fcr gelungene Kulturf\u00f6rderung, die allerdings wie immer auch schon wieder auf der Kippe steht. Hoffen wir das Beste!<\/span><\/p>\n<p>Meine letzte Veranstaltung des Monats, &#8222;Biografisches Schreiben f\u00fcr Frauen&#8220;, konnte dann aufgrund einiger Abmeldungen in letzter Minute leider nicht wie geplant stattfinden, wurde aber spontan in ein Einzelcoaching umgewandelt &#8211; was sich wiederum als ungemein fruchtbar erwies und alsbald wiederholt werden wird.<\/p>\n<p>Geschrieben habe ich nat\u00fcrlich auch: Das erste Kapitel und damit der Einstieg in den neuen Roman der Reihe Herzblut im Kosmos-Verlag, der Ende 2015 erscheinen soll, ist geschafft &#8230; Und eines der beiden \u201eprivaten\u201c Projekte, an denen ich seit zwei Monaten schreibe, ist mittlerweile auf den Umfang von \u00fcber hundert Seiten gediehen. Das andere allerdings d\u00fcmpelt noch auf Seite 38 vor sich hin; es zeigt sich, wie vermutet, dass das Parallelschreiben nicht ganz meine Sache ist. Lieber schreibe ich in der Tat ein Werk zu Ende und beginne dann das n\u00e4chste, aber da ich andererseits auch gern die Dinge zu Ende f\u00fchre, die ich begonnen habe, werde ich bis zum Jahresende dann hoffentlich in der Tat alle drei B\u00fccher beendet &#8211; und ein viertes begonnen\u00a0haben\u00a0&#8230;<\/p>\n<p><span style=\"color: #444444; font-family: Georgia;\">Und ja, da war noch was: das lang geplante Jahrgangstreffen Abi 83 &#8211; nach 31 Jahren trafen sich dann tats\u00e4chlich 78 ehemalige JahrgangskameradInnen meines Abiturjahrganges. Ein h\u00f6chst spannendes Unterfangen, aber die meisten waren dann doch immer noch gut zu erkennen oder sich g\u00e4nzlich treu geblieben, auch wenn vor allem bei den Herren das Haupthaar lange nicht mehr so lockig und lang und \u00fcppig w\u00e4chst wie seinerzeit!\u00a0<\/span><\/p>\n<p><b>Und was kommt?<\/b><\/p>\n<p>Viel Schreibzeit auf jeden Fall: Das Herzblut-Werk soll im Juni um unbedingt mindestens sechzig weitere Seiten wachsen, auch das private Werk Nr. 1 (mit autobiographischen Bez\u00fcgen \u00fcbrigens) werde ich nicht au\u00dfer Acht lassen. Eingerahmt wird die kreative Arbeit von einer Lesung aus &#8222;Bronko, meine Frau Mutter und ich&#8220; im nieders\u00e4chsischen Oldenburg am 7. Juni und einem Schreibworkshop in der Akademie Waldschl\u00f6sschen, der mir besonders am Herzen liegt: Im Rahmen des von der Deutschen AIDS- Hilfe und Positiv e.V. veranstalteten Treffens f\u00fcr Langzeit-HIV-Positive und \u00e4ltere Positive biete ich &#8211; wie seit Jahren &#8211; auch diesmal einen Schreibworkshop an, in dem (eigene) Geschichten aufgeschrieben werden k\u00f6nnen, die sonst verloren gehen. Diese manchmal emotional sehr aufw\u00fchlende Arbeit macht mir viel Freude, und in den vergangenen Jahren sind unz\u00e4hlige kleine feine Texte entstanden, die ich seither sorgsam archiviere. Die Teilnahme ist f\u00fcr HIV-Positive und AIDS-Kranke kostenlos, allerdings ist eine Anmeldung zwingend notwendig &#8211; und die Warteliste manchmal lang &#8230;<\/p>\n<p>Und wenn es das Wetter auch erlaubt, werde ich in diesem Monat endlich auch mal hin und wieder meinem absoluten Lieblingssport fr\u00f6nen &#8230; welcher das ist? Tja, das w\u00e4re nun der geeignete Moment, ein neues Preisr\u00e4tsel anzubieten, und ich nutze ihn auch: Dieser Sport spielt nicht nur eine wichtige Rolle in meinem zur Zeit in Arbeit befindlichen Herzblut-Roman, sondern auch in einer meiner Erz\u00e4hlungen, die exklusiv in dem von Ilona Einwohlt bei Gulliver herausgegebenen Band &#8222;Lust.Liebe.Sex. 16 Stories&#8220; erschienen ist. Wer als Erste\/r die richtige Sportart benennen kann, erh\u00e4lt ein signiertes Exemplar der genannten Anthologie! Viel Spa\u00df beim Raten!<\/p>\n<p align=\"center\"><b>\u00a0<\/b><\/p>\n<p align=\"center\"><b>\u00d6ffentliche Termine im Juni:<\/b><\/p>\n<p align=\"center\">7. Juni, Oldenburg, Alhambra, Hermannstr., 20h: Lesung aus \u201eBronko, meine Frau Mutter und ich\u201c \/\/ 22. bis 26. Juni, Akademie Waldschl\u00f6sschen, Gleichen bei G\u00f6ttingen: &#8222;Geschichten m\u00fcssen aufgeschrieben werden&#8220; &#8211; Schreibworkshop im Rahmen des Bundespositiventreffens, Anmeldung unter\u00a0<a href=\"http:\/\/www.waldschloesschen.org\/\" target=\"_blank\">www.waldschloesschen.org<\/a><\/p>\n<p align=\"center\"><b>\u00a0<\/b><\/p>\n<p align=\"center\"><b>Vorank\u00fcndigung:<\/b><\/p>\n<p align=\"center\">Wegen der gro\u00dfen Nachfrage biete ich in diesem Jahr noch zwei Schreibworkshops an zum Thema &#8222;Mein Buch&#8220; &#8211; f\u00fcr Frauen, die ein Buch in Planung oder Arbeit haben:<\/p>\n<p align=\"center\">29. bis 31. August: Berlin, Galerie Rasche, Linienstra\u00dfe (\u00c4nderung vorbehalten) \/\/ \u00a017. \u00a0bis 19. Oktober, Z\u00fcrich, Zentrum Karl der Gro\u00dfe\u00a0\/\/ \u00a0Informationen und Anmeldung unter \u00a0<a href=\"http:\/\/www.karen-susan-fessel.de\/\" target=\"_blank\">www.karen-susan-fessel.de<\/a>\u00a0und\u00a0<a href=\"mailto:kontakt@karen-susan-fessel.de\" target=\"_blank\">kontakt@karen-susan-<wbr \/>fessel.de<\/a><\/p>\n<p>&nbsp;<\/p>\n<\/div>\n<div>\n<div dir=\"ltr\">\n<div><b><span style=\"font-family: verdana, sans-serif;\">\u00a0<\/span><\/b><\/div>\n<div><b><span style=\"font-family: verdana, sans-serif;\">_____________________________<\/span><\/b><\/div>\n<div><\/div>\n<p>&nbsp;<\/p>\n<\/div>\n<\/div>\n<\/div>\n<div><\/div>\n","protected":false},"excerpt":{"rendered":"<p>Hier kommt sie, die neunte Ausgabe der Monatsbotin von Karen-Susan Fessel &#8211; mit Notizen, Gedanken und Terminen vom Schreibtisch aus dem vierten Stock in Berlin-Kreuzberg! Wem sie gef\u00e4llt: liebend gern weiterempfehlen! Wer aber versehentlich auf dem Verteiler gelandet ist oder schon viel zu viel zu lesen hat: Eine kurze Mail mit dem Hinweis \u201eKeine weiteren &hellip; <\/p>\n<p class=\"link-more\"><a href=\"http:\/\/www.karen-susan-fessel.de\/index.php\/die-monatsbotin-notizen-aus-dem-vierten-stock-juni-2014\/\" class=\"more-link\"><span class=\"screen-reader-text\">\u201eDie Monatsbotin: Notizen aus dem vierten Stock \/\/ Juni 2014\u201c <\/span>weiterlesen<\/a><\/p>\n","protected":false},"author":2,"featured_media":0,"comment_status":"closed","ping_status":"closed","sticky":false,"template":"","format":"standard","meta":{"footnotes":""},"categories":[3],"tags":[],"class_list":["post-741","post","type-post","status-publish","format-standard","hentry","category-neues-vom-schreibtisch"],"_links":{"self":[{"href":"http:\/\/www.karen-susan-fessel.de\/index.php\/wp-json\/wp\/v2\/posts\/741","targetHints":{"allow":["GET"]}}],"collection":[{"href":"http:\/\/www.karen-susan-fessel.de\/index.php\/wp-json\/wp\/v2\/posts"}],"about":[{"href":"http:\/\/www.karen-susan-fessel.de\/index.php\/wp-json\/wp\/v2\/types\/post"}],"author":[{"embeddable":true,"href":"http:\/\/www.karen-susan-fessel.de\/index.php\/wp-json\/wp\/v2\/users\/2"}],"replies":[{"embeddable":true,"href":"http:\/\/www.karen-susan-fessel.de\/index.php\/wp-json\/wp\/v2\/comments?post=741"}],"version-history":[{"count":2,"href":"http:\/\/www.karen-susan-fessel.de\/index.php\/wp-json\/wp\/v2\/posts\/741\/revisions"}],"predecessor-version":[{"id":743,"href":"http:\/\/www.karen-susan-fessel.de\/index.php\/wp-json\/wp\/v2\/posts\/741\/revisions\/743"}],"wp:attachment":[{"href":"http:\/\/www.karen-susan-fessel.de\/index.php\/wp-json\/wp\/v2\/media?parent=741"}],"wp:term":[{"taxonomy":"category","embeddable":true,"href":"http:\/\/www.karen-susan-fessel.de\/index.php\/wp-json\/wp\/v2\/categories?post=741"},{"taxonomy":"post_tag","embeddable":true,"href":"http:\/\/www.karen-susan-fessel.de\/index.php\/wp-json\/wp\/v2\/tags?post=741"}],"curies":[{"name":"wp","href":"https:\/\/api.w.org\/{rel}","templated":true}]}}