{"id":748,"date":"2014-07-03T13:56:26","date_gmt":"2014-07-03T11:56:26","guid":{"rendered":"http:\/\/www.karen-susan-fessel.de\/?p=748"},"modified":"2017-01-16T15:00:00","modified_gmt":"2017-01-16T13:00:00","slug":"die-monatsbotin-notizen-aus-dem-vierten-stock-juli-2014","status":"publish","type":"post","link":"http:\/\/www.karen-susan-fessel.de\/index.php\/die-monatsbotin-notizen-aus-dem-vierten-stock-juli-2014\/","title":{"rendered":"Die Monatsbotin: Notizen aus dem vierten Stock \/\/ Juli 2014"},"content":{"rendered":"<p style=\"text-align: center;\"><b>\u00a0<\/b><\/p>\n<p style=\"text-align: center;\">\u00a0<b>Nicht zu fassen, hier kommt schon die zehnte Ausgabe der Monatsbotin von Karen-Susan Fessel \u2013 mit Notizen, Gedanken und Terminen vom Schreibtisch aus dem vierten Stock in Berlin-Kreuzberg!<\/b><\/p>\n<p align=\"center\">Wem sie gef\u00e4llt: liebend gern weiterempfehlen!<\/p>\n<p align=\"center\"><b>Viel Spa\u00df beim Lesen w\u00fcnscht Karen-Susan Fessel!<\/b><\/p>\n<p><b>Was war?<\/b><\/p>\n<p>Der Juni gl\u00e4nzte nicht nur mit Aprilwetter, sondern auch mit einem abwechslungsreichen Hin und Her zwischen Schreibtisch, diversen Feiern und Festivit\u00e4ten und Veranstaltungen. Den Anfang machte eine Lesung im Rahmen des CSD in Oldenburg, wo ich am Pfingstsamstag im altgedienten alternativen Kulturzentrum Alhambra meine neuesten Werke vorstellte, insbesondere nat\u00fcrlich \u201eBronko, meine Frau Mutter und ich\u201c. Trotz des gro\u00dfen Konkurrenzangebotes waren zahlreiche Zuh\u00f6rerInnen erschienen und rundeten den Abend mit einer pfiffigen Fragerunde ab, die mir noch lange in Erinnerung bleiben wird.<\/p>\n<p>Der CSD (Christopher Street Day, der f\u00fcr die Rechte der Homo- und Transsexuellen nach amerikanischem Vorbild auch in Deutschland eintritt) bot dann auch in den folgenden Wochen mit seinen vielen Veranstaltungen eine willkommene Abwechslung, wenn es mich nach der intensiven Schreibarbeit danach verlangte. Ansonsten aber vertiefte ich mich vorrangig in die Arbeit am zweiten Thriller f\u00fcr die Kosmos-Reihe Herzblut mit dem vorl\u00e4ufigen Arbeitstitel \u201eSpinner\u201c. Ein Drittel der Rohfassung ist fertig, und nun nimmt das Buch richtig Fahrt auf.<\/p>\n<p>Zwar wei\u00df ich selbst ziemlich genau vor Beginn eines Buches, wohin die Reise gehen wird, aber die Einzelheiten und Feinheiten der Handlung entwickeln sich erst w\u00e4hrend des Schreibens, was den gesamten Prozess auch f\u00fcr mich immer wieder spannend gestaltet. Mich selbst wundert dabei immer wieder, dass ich bei Schreibbeginn bis auf wenige Seiten genau voraussagen kann, wie umfangreich das jeweilige Buch werden wird \u2013 und geirrt habe ich mich dabei in der Tat noch nie. Mal sehen, ob das so bleibt \u2026<\/p>\n<p>Nach zwei Wochen intensiver Schreibarbeit stand dann wieder einmal wie in jedem Jahr der Schreibworkshop \u201eGeschichten m\u00fcssen aufgeschrieben werden\u201c im Rahmen des 166. bundesweiten Positiventreffens auf dem Programm. Diese Treffen finden seit nunmehr knapp drei\u00dfig Jahren in Zusammenarbeit mit Positiv e.V. und der Deutschen AIDS-Hilfe e.V. statt; in der Akademie Waldschl\u00f6sschen bei G\u00f6ttingen, wundersch\u00f6n mitten im Wald gelegen, hatten sich an die 70 Langzeit-HIV-Positive und \u00e4ltere Positive versammelt, um sich vier Tage lang auszutauschen und in themenspezifischen Workshops zu arbeiten. Ein knappes Dutzend von ihnen erarbeitete in meinem Workshop Texte zum Thema, den gelungenen Abschluss bildete dann eine begeistert aufgenommene Lesung vor den anderen TeilnehmerInnen.<\/p>\n<p>Zuhause erwartete mich dann Post: Mein neuestes Werk ist erschienen! Ja, das vierte Buch binnen eines Jahres liegt nur vor mir \u2013 nach \u201eLiebe macht Anders\u201c, \u201eSchattenblicke\u201c und \u201eBronko, meine Frau Mutter und ich\u201c ist nun auch \u201eAchtung, Katzendiebe!\u201c im Kosmos-Verlag erschienen; ein Midi-Band in der Reihe der allseits bekannten ???kids. Nicht nur mein erstes Werk f\u00fcr Kinder ab 8 Jahren, sondern auch meine erste Zusammenarbeit mit einer Kollegin: \u201eAchtung, Katzendiebe!\u201c entstand n\u00e4mlich in Zusammenarbeit mit meiner guten Freundin und gesch\u00e4tzten Kollegin Regina N\u00f6ssler, die bislang ausschlie\u00dflich f\u00fcr Erwachsene geschrieben hat (\u201eWahrheit oder Pflicht\u201c, 1998; \u201eWanderurlaub\u201c, 2013). Ein vielversprechender Anfang!<\/p>\n<p>Regina N\u00f6ssler ist \u00fcbrigens auch Mitgestalterin des brandneuen Blogs des konkursbuchverlages, in dem auch meine drei ersten B\u00fccher \u201eUnd abends mit Beleuchtung\u201c, 1994, \u201eHeuchelmund\u201c, 1996, und \u201eSirib, meine K\u00f6nigin\u201c, 1997, erschienen sind: <a href=\"http:\/\/blog.konkursbuch.com\/\">http:\/\/blog.konkursbuch.com<\/a>. Reinsehen lohnt sich!<\/p>\n<p><b>Und was kommt?<\/b><\/p>\n<p>Die Workshops mit HIV-Positiven sind f\u00fcr mich immer eine Herzensangelegenheit; \u00a0umso mehr freue ich mich, dass Ende Juli, vom 31. Juli bis zum 3. August, ein weiterer im Waldschl\u00f6sschen stattfinden wird, diesmal f\u00fcr HIV-positive Und AIDS-kranke Frauen. Zuvor aber werde ich mich wiederum in der Akademie Waldschl\u00f6sschen zu einem weiteren Workshop einfinden, diesmal im Rahmen der Sommerakademie, bei der die TeilnehmerInnen nicht nur Gelegenheit haben, sich im Laufe einer ganzen Woche dank des guten Essens etwas H\u00fcftgold anzufuttern, sondern gleich unter f\u00fcnf verschiedenen Workshops zu w\u00e4hlen.<\/p>\n<p>\u00dcbrigens hat das Waldschl\u00f6sschen noch eine weitere Kuriosit\u00e4t zu bieten, die nicht nur ich bei meinen Aufenthalten sehr zu sch\u00e4tzen wei\u00df: Es liegt in einem der \u00e4u\u00dferst selten gewordenen Funkl\u00f6cher! Und so herrscht ungewohnte Ruhe dort, kein Handy klingelt, kein Signalton ist zu h\u00f6ren \u2026 Allein das ist schon eine Reise wert; das Waldschl\u00f6sschen bietet n\u00e4mlich auch schlichtweg \u00dcbernachtung mit Fr\u00fchst\u00fcck.<\/p>\n<p>Kurz vorher steht \u00fcbrigens noch eine Reise in die alte Heimat an: Mein liebes M\u00fctterchen, das die Steilvorlage f\u00fcr Mai-Britt Pot\u00f6nkes Mutter in \u201eBronko, meine Frau Mutter und ich\u201c bot, wird knackige 78; wenn das mal kein Grund zu feiern ist!<\/p>\n<p>Und nat\u00fcrlich steht im Juli auch weiterhin Schreiben an, \u201eSpinner\u201c soll bis Ende September fertig werden. Und mein privates Projekt Nr. 1 steht weiterhin auf dem Plan; das zweite liegt momentan auf Eis. Und da liegt es in den hei\u00dfen Monaten Juli und August sicher auch gut \u2026<\/p>\n<p align=\"center\"><b>\u00a0<\/b><\/p>\n<p align=\"center\"><b>\u00d6ffentliche Termine im Juli:<\/b><\/p>\n<p align=\"center\">20. bis 24. Juli, Akademie Waldschl\u00f6sschen, Gleichen bei G\u00f6ttingen: Schreibworkshop im Rahmen der Sommerakademie \/\/ <b>\u00a0<\/b>31. Juli bis 3. August, Akademie Waldschl\u00f6sschen, Gleichen bei G\u00f6ttingen: \u201cGeschichten m\u00fcssen aufgeschrieben werden\u201d \u2013 Schreibworkshop im Rahmen des Treffens HIV-positiver und AIDS-kranker Frauen; Anmeldung f\u00fcr beide Workshops unter\u00a0<a href=\"http:\/\/www.waldschloesschen.org\/\" target=\"_blank\">www.waldschloesschen.org<\/a><\/p>\n<p align=\"center\"><b>Vorank\u00fcndigung:<\/b><\/p>\n<p align=\"center\">In diesem Jahr biete ich noch zwei Schreibworkshops an zum Thema \u201cMein Buch\u201d \u2013 f\u00fcr Frauen, die ein Buch in Planung oder Arbeit haben: 29. bis 31. August: Berlin, Galerie Rasche, Linienstra\u00dfe (\u00c4nderung vorbehalten) \/\/ \u00a017. \u00a0bis 19. Oktober, Z\u00fcrich, Zentrum Karl der Gro\u00dfe\u00a0\/\/ \u00a0Informationen und Anmeldung unter\u00a0<a href=\"http:\/\/www.karen-susan-fessel.de\/\" target=\"_blank\">www.karen-susan-fessel.de<\/a>\u00a0und\u00a0<a href=\"mailto:kontakt@karen-susan-fessel.de\" target=\"_blank\">kontakt@karen-susan-fessel.de<\/a><\/p>\n<p>&nbsp;<\/p>\n<p>&nbsp;<\/p>\n","protected":false},"excerpt":{"rendered":"<p>\u00a0 \u00a0Nicht zu fassen, hier kommt schon die zehnte Ausgabe der Monatsbotin von Karen-Susan Fessel \u2013 mit Notizen, Gedanken und Terminen vom Schreibtisch aus dem vierten Stock in Berlin-Kreuzberg! Wem sie gef\u00e4llt: liebend gern weiterempfehlen! Viel Spa\u00df beim Lesen w\u00fcnscht Karen-Susan Fessel! Was war? Der Juni gl\u00e4nzte nicht nur mit Aprilwetter, sondern auch mit einem &hellip; <\/p>\n<p class=\"link-more\"><a href=\"http:\/\/www.karen-susan-fessel.de\/index.php\/die-monatsbotin-notizen-aus-dem-vierten-stock-juli-2014\/\" class=\"more-link\"><span class=\"screen-reader-text\">\u201eDie Monatsbotin: Notizen aus dem vierten Stock \/\/ Juli 2014\u201c <\/span>weiterlesen<\/a><\/p>\n","protected":false},"author":2,"featured_media":0,"comment_status":"closed","ping_status":"closed","sticky":false,"template":"","format":"standard","meta":{"footnotes":""},"categories":[3],"tags":[],"class_list":["post-748","post","type-post","status-publish","format-standard","hentry","category-neues-vom-schreibtisch"],"_links":{"self":[{"href":"http:\/\/www.karen-susan-fessel.de\/index.php\/wp-json\/wp\/v2\/posts\/748","targetHints":{"allow":["GET"]}}],"collection":[{"href":"http:\/\/www.karen-susan-fessel.de\/index.php\/wp-json\/wp\/v2\/posts"}],"about":[{"href":"http:\/\/www.karen-susan-fessel.de\/index.php\/wp-json\/wp\/v2\/types\/post"}],"author":[{"embeddable":true,"href":"http:\/\/www.karen-susan-fessel.de\/index.php\/wp-json\/wp\/v2\/users\/2"}],"replies":[{"embeddable":true,"href":"http:\/\/www.karen-susan-fessel.de\/index.php\/wp-json\/wp\/v2\/comments?post=748"}],"version-history":[{"count":3,"href":"http:\/\/www.karen-susan-fessel.de\/index.php\/wp-json\/wp\/v2\/posts\/748\/revisions"}],"predecessor-version":[{"id":1344,"href":"http:\/\/www.karen-susan-fessel.de\/index.php\/wp-json\/wp\/v2\/posts\/748\/revisions\/1344"}],"wp:attachment":[{"href":"http:\/\/www.karen-susan-fessel.de\/index.php\/wp-json\/wp\/v2\/media?parent=748"}],"wp:term":[{"taxonomy":"category","embeddable":true,"href":"http:\/\/www.karen-susan-fessel.de\/index.php\/wp-json\/wp\/v2\/categories?post=748"},{"taxonomy":"post_tag","embeddable":true,"href":"http:\/\/www.karen-susan-fessel.de\/index.php\/wp-json\/wp\/v2\/tags?post=748"}],"curies":[{"name":"wp","href":"https:\/\/api.w.org\/{rel}","templated":true}]}}