{"id":759,"date":"2014-08-04T16:21:55","date_gmt":"2014-08-04T14:21:55","guid":{"rendered":"http:\/\/www.karen-susan-fessel.de\/?p=759"},"modified":"2017-01-16T15:00:00","modified_gmt":"2017-01-16T13:00:00","slug":"die-monatsbotin-notizen-aus-dem-vierten-stock-august-2014","status":"publish","type":"post","link":"http:\/\/www.karen-susan-fessel.de\/index.php\/die-monatsbotin-notizen-aus-dem-vierten-stock-august-2014\/","title":{"rendered":"Die Monatsbotin: Notizen aus dem vierten Stock \/\/ August 2014"},"content":{"rendered":"<p align=\"center\"><b>Hier kommt die elfte Ausgabe der Monatsbotin von Karen-Susan Fessel \u2013 mit Notizen, Gedanken und Terminen vom Schreibtisch aus dem vierten Stock in Berlin-Kreuzberg!<\/b><\/p>\n<p align=\"center\">Wem sie gef\u00e4llt: liebend gern weiterempfehlen! Wer aber versehentlich auf dem Verteiler gelandet ist oder schon viel zu viel zu lesen hat: Eine kurze Mail mit dem Hinweis \u201eKeine weiteren Einsendungen gew\u00fcnscht\u201c an\u00a0<a href=\"mailto:kontakt@karen-susan-fessel.de\" target=\"_blank\">kontakt@karen-susan-fessel.de<\/a>\u00a0\u2013 und schon herrscht gespenstische Ruhe im virtuellen Briefkasten \u2026<\/p>\n<p align=\"center\"><b>Viel Spa\u00df beim Lesen w\u00fcnscht Karen-Susan Fessel!<\/b><\/p>\n<p align=\"center\"><b>Was war?<\/b><\/p>\n<p>Der Juli war ein richtiger Ausnahmemonat, und das nicht nur wegen der teilweise kaum zu ertragenden Hitzewelle: Ein lesungsfreier Monat liegt hinter mir, und so blieb endlich einmal viel Zeit zum Schreiben. Das gelang in meinem k\u00fchlen Nordzimmer mit der rauschenden Sommerbirke vorm Fenster ganz wunderbar, und so ist es kein Wunder, dass der zweite Jugendroman f\u00fcr den Kosmos-Verlag mit dem vorl\u00e4ufigen Arbeitstitel \u201eSpinner\u201c nun um weitere gut f\u00fcnfzig Seiten gediehen und damit zur H\u00e4lfte fertig ist. Nat\u00fcrlich in der Rohfassung, was wiederum bedeutet, dass der Roman dann am Ende noch einmal gr\u00fcndlich \u00fcberarbeitet werden wird, bevor ich ihn sp\u00e4testens Ende September an den Verlag ins Lektorat schicken werde.<\/p>\n<p>Was die Seitenanzahl angeht, liege ich \u00fcbrigens genau im Plan. Mir hilft dabei immer wieder, dass ich sp\u00e4testens nach dem ersten Kapitel alle weiteren genau durchstrukturiere und dann immer wieder aktualisiere. Das grobe Inhaltsverzeichnis \u2013 Kapitelaufteilung und jedes Kapitel dann in Szenen unterteilt \u2013 h\u00e4ngt auf drei Seiten ausgedruckt \u00fcber meinem Schreibtisch, immer also in Sichtweite. So manche Stunde verbringe ich dann auch damit, diese drei Seiten nachdenklich anzustarren und hie und da eine Ver\u00e4nderung handschriftlich einzuf\u00fcgen. Wenn die gekrickelten Neuerungen schlie\u00dflich so viel Platz einnehmen, dass sie mich durcheinanderzubringen drohen, dann werden sie neu eingetippt und ausgedruckt und aufgeh\u00e4ngt. Und dann beginnt das Ganze von vorn \u2026<\/p>\n<p>Aber unterwegs war ich nat\u00fcrlich auch: zum einen in privater Hinsicht, denn mein liebes M\u00fctterchen wurde immerhin schon knackige 78, und das musste in meiner alten Heimatstadt Meppen nat\u00fcrlich geb\u00fchrend gefeiert werden. In Sachen Schreibworkshops war ich allerdings nat\u00fcrlich auch auf Achse, und zwar gleich zweimal hintereinander in der wundersch\u00f6n gelegenen Akademie Waldschl\u00f6sschen in Reinhausen bei G\u00f6ttingen. Vom 20. bis 24. Juli arbeiteten ein knappes Dutzend M\u00e4nner und zwei Frauen konzentriert und mit viel Spa\u00df daran, unter meiner Anleitung Kurzgeschichten und auch l\u00e4ngere Texte zu erstellen, eine Woche sp\u00e4ter, vom 31. Juli bis zum 3. August, waren es dann gleich sechzehn Teilnehmerinnen, die sich im Rahmen des bundesweiten Treffens HIV-positiver und AIDS-kranker Frauen mit der eigenen Biografie schriftlich auseinandersetzen. Letzterer war bereits mein neunter Schreibworkshop in diesem Rahmen; in den vergangenen zehn Jahren sind unz\u00e4hlige bewegende, traurige und auch spannende und lustige Texte entstanden, die hoffentlich eines Tages auch in einem Sammelband ver\u00f6ffentlicht werden k\u00f6nnen. Kostproben daraus finden sich \u00fcbrigens zum Teil in der von mir zusammengestellten und lektorierten Textsammlung \u201eeben leben\u201c mit Berichten und Geschichten HIV-positiver Frauen, herausgegeben vom Frauengesundheitszentrum M\u00fcnchen und dort auch f\u00fcr 5 Euro ohne Versandkosten erh\u00e4ltlich:\u00a0<a href=\"http:\/\/www.fgz-muc.de\/fgz_shop\/broschueren.php\">www.fgz-muc.de\/fgz_shop\/broschueren.php<\/a>\u00a0\u201eEben leben\u201c wurde 2010 mit dem Annemarie-Madison-Preis, der f\u00fcr engagierte Arbeit im Bereich HIV verliehen wird, ausgezeichnet.<\/p>\n<p><b>Und was kommt?<\/b><\/p>\n<p>Nat\u00fcrlich steht im August auch weiterhin Schreiben an, \u201eSpinner\u201c soll schlie\u00dflich bis Ende September fertig werden. Meine beiden privaten Buchprojekte hingegen liegen deswegen momentan auf Eis; sieht so aus, als ob meinem pers\u00f6nlichen Experiment, parallel mehrere B\u00fccher zu schreiben, doch am Ende die Puste ausgeht. In der Tat erweist sich einfach nur, was ich vorher schon ahnte: Ich kann nur ein Buch auf einmal. Jedenfalls ab dem Moment, wo es an Fahrt aufgenommen hat. Keine bahnbrechende, eher eine alte Erkenntnis \u2026<\/p>\n<p>Ende des Monats allerdings startet auch schon die Lesesaison: Den Anfang macht am 22. August in Braunschweig eine Lesung aus \u201eBronko, meine Frau Mutter und ich\u201c im Rahmen der Veranstaltungsreihe \u201eFrauen unter Glas\u201c mit anschlie\u00dfender Frauenparty, drei Tage sp\u00e4ter bin ich \u2013 ebenfalls mit \u201eBronko\u201c \u2013 endlich wieder einmal nach l\u00e4ngerer Pause in M\u00fcnster zu Gast. Und wiederum vier Tage sp\u00e4ter startet am 29. August der letzte Wochenend-Romanworkshop in Berlin f\u00fcr dieses Jahr: bei \u201eMein Buch\u201c f\u00fcr Frauen, die ein eigenes Buch planen oder in Arbeit haben, sind noch letzte Pl\u00e4tze frei!<\/p>\n<p align=\"center\"><b>\u00d6ffentliche Termine im August:<\/b><\/p>\n<p align=\"center\">22. August, Glashaus am Dowesee, Doweseeweg 3, Braunschweig, 19.30h,: Lesung aus \u201eBronko, meine Frau Mutter und ich\u201c mit anschlie\u00dfender Frauenparty, Informationen unter\u00a0<a href=\"http:\/\/szene38.de\/events\/frauen-unter-glas\/\">http:\/\/szene38.de\/events\/frauen-unter-glas\/<\/a>\u00a0\/\/\u00a0<b>\u00a0<\/b>25. August, M\u00fcnster, Lockvogel, Neubr\u00fcckenstr. 53-54, 20h: Lesung aus \u201eBronko, meine Frau Mutter und ich\u201c; veranstaltet von LIVAS V \/\/ 29. bis 31. August: Berlin, Schreibatelier Rathjen: \u00a0Schreibworkshop\u201c Mein Buch\u201d \u2013 f\u00fcr Frauen, die ein Buch in Planung oder Arbeit haben; Informationen und Anmeldung unter \u00a0<a href=\"http:\/\/www.karen-susan-fessel.de\/\" target=\"_blank\">www.karen-susan-fessel.de<\/a><\/p>\n","protected":false},"excerpt":{"rendered":"<p>Hier kommt die elfte Ausgabe der Monatsbotin von Karen-Susan Fessel \u2013 mit Notizen, Gedanken und Terminen vom Schreibtisch aus dem vierten Stock in Berlin-Kreuzberg! Wem sie gef\u00e4llt: liebend gern weiterempfehlen! Wer aber versehentlich auf dem Verteiler gelandet ist oder schon viel zu viel zu lesen hat: Eine kurze Mail mit dem Hinweis \u201eKeine weiteren Einsendungen &hellip; <\/p>\n<p class=\"link-more\"><a href=\"http:\/\/www.karen-susan-fessel.de\/index.php\/die-monatsbotin-notizen-aus-dem-vierten-stock-august-2014\/\" class=\"more-link\"><span class=\"screen-reader-text\">\u201eDie Monatsbotin: Notizen aus dem vierten Stock \/\/ August 2014\u201c <\/span>weiterlesen<\/a><\/p>\n","protected":false},"author":2,"featured_media":0,"comment_status":"closed","ping_status":"closed","sticky":false,"template":"","format":"standard","meta":{"footnotes":""},"categories":[3],"tags":[],"class_list":["post-759","post","type-post","status-publish","format-standard","hentry","category-neues-vom-schreibtisch"],"_links":{"self":[{"href":"http:\/\/www.karen-susan-fessel.de\/index.php\/wp-json\/wp\/v2\/posts\/759","targetHints":{"allow":["GET"]}}],"collection":[{"href":"http:\/\/www.karen-susan-fessel.de\/index.php\/wp-json\/wp\/v2\/posts"}],"about":[{"href":"http:\/\/www.karen-susan-fessel.de\/index.php\/wp-json\/wp\/v2\/types\/post"}],"author":[{"embeddable":true,"href":"http:\/\/www.karen-susan-fessel.de\/index.php\/wp-json\/wp\/v2\/users\/2"}],"replies":[{"embeddable":true,"href":"http:\/\/www.karen-susan-fessel.de\/index.php\/wp-json\/wp\/v2\/comments?post=759"}],"version-history":[{"count":3,"href":"http:\/\/www.karen-susan-fessel.de\/index.php\/wp-json\/wp\/v2\/posts\/759\/revisions"}],"predecessor-version":[{"id":762,"href":"http:\/\/www.karen-susan-fessel.de\/index.php\/wp-json\/wp\/v2\/posts\/759\/revisions\/762"}],"wp:attachment":[{"href":"http:\/\/www.karen-susan-fessel.de\/index.php\/wp-json\/wp\/v2\/media?parent=759"}],"wp:term":[{"taxonomy":"category","embeddable":true,"href":"http:\/\/www.karen-susan-fessel.de\/index.php\/wp-json\/wp\/v2\/categories?post=759"},{"taxonomy":"post_tag","embeddable":true,"href":"http:\/\/www.karen-susan-fessel.de\/index.php\/wp-json\/wp\/v2\/tags?post=759"}],"curies":[{"name":"wp","href":"https:\/\/api.w.org\/{rel}","templated":true}]}}