{"id":783,"date":"2014-11-03T13:38:10","date_gmt":"2014-11-03T11:38:10","guid":{"rendered":"http:\/\/www.karen-susan-fessel.de\/?p=783"},"modified":"2017-01-16T14:59:37","modified_gmt":"2017-01-16T12:59:37","slug":"die-monatsbotin-notizen-aus-dem-vierten-stock-november-2014","status":"publish","type":"post","link":"http:\/\/www.karen-susan-fessel.de\/index.php\/die-monatsbotin-notizen-aus-dem-vierten-stock-november-2014\/","title":{"rendered":"Die Monatsbotin: Notizen aus dem vierten Stock \/\/ November 2014"},"content":{"rendered":"<p><strong>Hier kommt die\u00a0vierzehnte\u00a0Ausgabe der Monatsbotin von Karen-Susan Fessel \u2013 mit Notizen, Gedanken und Terminen vom Schreibtisch aus dem vierten Stock in Berlin-Kreuzberg!<\/strong><\/p>\n<p>Wem sie gef\u00e4llt: liebend gern weiterempfehlen! Wer aber versehentlich auf dem Verteiler gelandet ist oder schon viel zu viel zu lesen hat: Eine kurze Mail mit dem Hinweis \u201eKeine weiteren Einsendungen gew\u00fcnscht\u201c an\u00a0<a href=\"mailto:kontakt@karen-susan-fessel.de\">kontakt@karen-susan-fessel.de<\/a>\u00a0\u2013 und schon herrscht gespenstische Ruhe im virtuellen Briefkasten \u2026<\/p>\n<p><strong>Viel Spa\u00df beim Lesen w\u00fcnscht Karen-Susan Fessel!<\/strong><\/p>\n<p><strong>Was war?<\/strong><\/p>\n<p>Selten kam die erste Antwort auf die Preisfrage in der Monatsbotin vom Oktober so schnell: \u00a0Nur vier Minuten brauchte Monika B. aus Berlin f\u00fcr die richtige Antwort &#8211; \u00a0Gotland spielt in meinen B\u00fcchern &#8222;Feuer im Kopf&#8220; und &#8222;Leise T\u00f6ne&#8220; eine wichtige Rolle! Ein signiertes Exemplar von &#8222;Feuer im Kopf&#8220; ziert nun ihr B\u00fccherregal, herzlichen Gl\u00fcckwunsch!<br \/>\nUnd auch sonst war der Oktober ein temporeicher Monat. Nicht nur, dass ich in den\u00a0ersten beiden Wochen einen wahren Endspurt hinlegte: &#8222;Spinner&#8220; (Arbeitstitel), mein neuer, im n\u00e4chsten Sommer erscheinender Jugendroman f\u00fcr den Kosmos-Verlag, wurde genau rechtzeitig fertig. Nun liegt er bei der Lektorin, die sich hoffentlich mit Genuss \u00fcber die 230 Seiten hermachen wird. Wie immer ist es auch ein bisschen schade, wenn ich ein Buch abgeben und damit auch hergeben muss, aber die Freude \u00fcberwiegt nat\u00fcrlich bei weitem. Und Buch Nr. 32 wartet ja auch schon auf mich &#8230;<\/p>\n<p>Unterbrochen habe ich die Schreibarbeit f\u00fcr eine ganz besondere Lesung aus &#8222;Bronko, meine Frau Mutter und ich\u201c im M\u00f6nchengladbacher Buchladen prolibri. Eingeladen hatte Leslie e.V., und nicht nur Luki, das lebendige Vorbild f\u00fcr Bronko, war wieder\u00a0mit von der Partie, sondern ein spezieller Ehrengast: meine Frau Mutter! Die hatte, gemeinsam mit dem zahlreich erschienenen Lesepublikum, viel Spa\u00df! Und wenn Leslie e.V. im kommenden Jahr einen Schreibworkshop mit mir veranstaltet, was gerade im Gespr\u00e4ch ist, dann\u00a0wird\u00a0meine Frau Mutter auch gern mit dabei sein.<\/p>\n<p>Zur\u00fcck in Berlin, ging es nach der Abgabe von &#8222;Spinner&#8220; gleich wieder auf Reisen: vom 13. bis zum 16. Oktober zun\u00e4chst ins liebliche Geislingen an der Steige (auch eine Reise wert, gibt es dort doch eine mittelalterliche, hoch \u00fcber der Stadt gelegene Burgruine und einen h\u00fcbsch restaurierten historischen Stadtkern!), um gleich mehreren Schulklassen des Helfenstein-Gymnasiums und der Schubart-Realschule &#8222;Und wenn schon!&#8220; und Co. nahezubringen. Und je gut zwanzig Sch\u00fclerinnen und Sch\u00fcler kamen dann noch in den Genuss eines von mir geleiteten Schreibworkshops an den folgenden Tagen. Die entstandenen Texte k\u00f6nnen sich sehen lassen &#8211; und sind bald auch zu lesen, in einer Publikation der Stadtb\u00fccherei in der Mag, die zu diesen Veranstaltungen &#8211; und noch vielen weiteren mit anderen AutorInnen! &#8211; eingeladen hatte.<\/p>\n<p>Durch die wunderbare bunte Herbstlandschaft kurvte ich zur\u00fcck nach Berlin, um am kommenden Morgen ins Flugzeug nach Z\u00fcrich zu steigen, wo f\u00fcnf Frauen (aus gleich \u00a0drei L\u00e4ndern!) sich vom 17. bis 19. Oktober zum Schreibworkshop &#8222;Mein Buch&#8220; zusammengefunden hatten. Vor allem die Strukturierung der geplanten oder in Arbeit befindlichen Texte stand auf dem Programm, eine anstrengende, aber fruchtbare Arbeit. Zu Schade, dass ich nichts \u00fcber die Themen der B\u00fccher verraten darf, nur soviel: Wenn nichts dazwischenkommt, wird der B\u00fcchermarkt demn\u00e4chst um einige sehr spannende und brandaktuelle Werke bereichert &#8230;<\/p>\n<p>Den Rest des Monats verbrachte ich mit Durchatmen, Akten und Unterlagen sortieren und einer kleinen Privatreise in die Niederlausitz, die Heimat der Sorben (und einer ganz besonderen, sehr attraktiven Dame). Und auch das Emsland stand wieder einmal auf dem Programm. Da ich mir aber auferlegt habe, nicht allzusehr und allzuoft von Land und Leuten zu schw\u00e4rmen &#8211; immerhin schreibe ich hier ja keinen Reisef\u00fchrer -, schweige ich nun still. Obwohl sowohl die Niederlausitz und das Emsland eben durchaus auch eine Reise wert sind &#8230;<\/p>\n<p>Und Hamburg nat\u00fcrlich auch, wo ich gestern eine weitere Lesung im Salon Endlich hielt, aus &#8222;Bronko, meine Frau Mutter und ich&#8220;. Hier fiel mir dann endg\u00fcltig auf, dass der Titel in Ank\u00fcndigungen und auf Flyern recht oft durch ein zus\u00e4tzliches Komma einen g\u00e4nzlich anderen Sinn erh\u00e4lt: &#8222;Bronko, meine Frau, Mutter und ich&#8220; suggeriert schlie\u00dflich vier Hauptpersonen statt, wie in Wirklichkeit, drei. Aber das w\u00e4re ein ganz anderes Buch, welches ich nicht zu schreiben gedenke. Hingegen arbeite ich zur Zeit schon an einem anderem, in dem aber eine der oben genannten Personen durchaus vorkommen wird. Welche, verrate ich zu einem sp\u00e4teren Zeitpunkt!<\/p>\n<p><strong>Und was kommt?<\/strong><\/p>\n<p>Nochmal mit Schwung volles Leseprogramm: Vom 10 bis zum 13. November bin ich wieder einmal zu den Kinder- und Jugendbuchwochen in Schleswig-Holstein zu Gast, diesmal zu Lesungen in den Stadtb\u00fcchereien und -Bibliotheken in Pinneberg, L\u00fcbeck, Bad Schwartau und Bad Segeberg. Danach geht es gleich weiter nach Eislingen (ja, genau, in der N\u00e4he von Geislingen!), wo ich auf Einladung des Kinder- und Jugendb\u00fcros im K\u00e4stner-Gymnasium aus &#8222;Steingesicht&#8220; lesen werde, und zwar im Rahmen der \u201eGO!\u201c-Pr\u00e4ventionswoche. Am selben Abend des 14. November bin ich dann wiederum mit &#8222;Bronko&#8220; in Stuttgart zu Gast, diesmal im Frauenkulturzentrum Sarah e.V.\u00a0\u2013 und das wird dann auch meine letzte \u00f6ffentliche Lesung in diesem Jahr sein. Also nicht verpassen, liebe Baden-W\u00fcrtembergerinnen!<\/p>\n<p>In der Woche darauf kommen dann noch mal die Berliner Sch\u00fclerInnen dran &#8211; zun\u00e4chst freue ich mich auf die 5. Klassen der Lenau-Schule in Kreuzberg, dann auf vier weitere Lesungen in den Stadtb\u00fcchereien Lichtenrade und Tempelhof. Und danach geht es nochmals vom 23. bis zum 29. November in die sch\u00f6ne Schweiz und damit in den Kanton Z\u00fcrich &#8211; gleich vierzehn Schullesungen warten auf mich, unter anderem auch in Feuerthalen gleich beim Rheinfall. Und wenn ich dann am 29. November wieder ins Flugzeug nach Berlin steige, liegen dann insgesamt genau 70 Lesungen und 10 Workshops in diesem Jahr hinter mir. Keine schlechte Bilanz, die im \u00fcbrigen gut zu den weiteren runden Jubil\u00e4en in diesem Jahr passt: Immerhin feiere ich dies Jahr mein zwanzigj\u00e4hriges\u00a0Berufs-\u00a0(ja, 1994 erschien mein erster Roman &#8222;Und abends mit Beleuchtung!&#8220;) und im Dezember dann noch mein f\u00fcnfzigj\u00e4hriges Erdenjubil\u00e4um. Wenn das mal kein Grund zum Feiern ist!<\/p>\n<p>Einen sch\u00f6nen November w\u00fcnscht Karen-Susan Fessel!<\/p>\n<p><strong>\u00d6ffentlicher Termin im\u00a0November: <\/strong>14. November, Stuttgart, Sarah e.V., Johannesstr. 13, 20h: Lesung aus \u201eBronko, meine Frau Mutter und ich\u201c<\/p>\n","protected":false},"excerpt":{"rendered":"<p>Hier kommt die\u00a0vierzehnte\u00a0Ausgabe der Monatsbotin von Karen-Susan Fessel \u2013 mit Notizen, Gedanken und Terminen vom Schreibtisch aus dem vierten Stock in Berlin-Kreuzberg! Wem sie gef\u00e4llt: liebend gern weiterempfehlen! Wer aber versehentlich auf dem Verteiler gelandet ist oder schon viel zu viel zu lesen hat: Eine kurze Mail mit dem Hinweis \u201eKeine weiteren Einsendungen gew\u00fcnscht\u201c an\u00a0kontakt@karen-susan-fessel.de\u00a0\u2013 &hellip; <\/p>\n<p class=\"link-more\"><a href=\"http:\/\/www.karen-susan-fessel.de\/index.php\/die-monatsbotin-notizen-aus-dem-vierten-stock-november-2014\/\" class=\"more-link\"><span class=\"screen-reader-text\">\u201eDie Monatsbotin: Notizen aus dem vierten Stock \/\/ November 2014\u201c <\/span>weiterlesen<\/a><\/p>\n","protected":false},"author":2,"featured_media":0,"comment_status":"closed","ping_status":"closed","sticky":false,"template":"","format":"standard","meta":{"footnotes":""},"categories":[1,3],"tags":[],"class_list":["post-783","post","type-post","status-publish","format-standard","hentry","category-allgemein","category-neues-vom-schreibtisch"],"_links":{"self":[{"href":"http:\/\/www.karen-susan-fessel.de\/index.php\/wp-json\/wp\/v2\/posts\/783","targetHints":{"allow":["GET"]}}],"collection":[{"href":"http:\/\/www.karen-susan-fessel.de\/index.php\/wp-json\/wp\/v2\/posts"}],"about":[{"href":"http:\/\/www.karen-susan-fessel.de\/index.php\/wp-json\/wp\/v2\/types\/post"}],"author":[{"embeddable":true,"href":"http:\/\/www.karen-susan-fessel.de\/index.php\/wp-json\/wp\/v2\/users\/2"}],"replies":[{"embeddable":true,"href":"http:\/\/www.karen-susan-fessel.de\/index.php\/wp-json\/wp\/v2\/comments?post=783"}],"version-history":[{"count":1,"href":"http:\/\/www.karen-susan-fessel.de\/index.php\/wp-json\/wp\/v2\/posts\/783\/revisions"}],"predecessor-version":[{"id":784,"href":"http:\/\/www.karen-susan-fessel.de\/index.php\/wp-json\/wp\/v2\/posts\/783\/revisions\/784"}],"wp:attachment":[{"href":"http:\/\/www.karen-susan-fessel.de\/index.php\/wp-json\/wp\/v2\/media?parent=783"}],"wp:term":[{"taxonomy":"category","embeddable":true,"href":"http:\/\/www.karen-susan-fessel.de\/index.php\/wp-json\/wp\/v2\/categories?post=783"},{"taxonomy":"post_tag","embeddable":true,"href":"http:\/\/www.karen-susan-fessel.de\/index.php\/wp-json\/wp\/v2\/tags?post=783"}],"curies":[{"name":"wp","href":"https:\/\/api.w.org\/{rel}","templated":true}]}}