{"id":794,"date":"2014-12-03T14:54:18","date_gmt":"2014-12-03T12:54:18","guid":{"rendered":"http:\/\/www.karen-susan-fessel.de\/?p=794"},"modified":"2017-01-16T14:59:37","modified_gmt":"2017-01-16T12:59:37","slug":"die-monatsbotin-notizen-aus-dem-vierten-stock-dezember-2014","status":"publish","type":"post","link":"http:\/\/www.karen-susan-fessel.de\/index.php\/die-monatsbotin-notizen-aus-dem-vierten-stock-dezember-2014\/","title":{"rendered":"Die Monatsbotin: Notizen aus dem vierten Stock \/\/ Dezember 2014"},"content":{"rendered":"<p><strong>Hier kommt die f\u00fcnfzehnte\u00a0Ausgabe der Monatsbotin von Karen-Susan Fessel \u2013 mit Notizen, Gedanken und Terminen vom Schreibtisch aus dem vierten Stock in Berlin-Kreuzberg!<\/strong><\/p>\n<p>Wem sie gef\u00e4llt: liebend gern weiterempfehlen! Wer aber versehentlich auf dem Verteiler gelandet ist oder schon viel zu viel zu lesen hat: Eine kurze Mail mit dem Hinweis \u201eKeine weiteren Einsendungen gew\u00fcnscht\u201c an\u00a0<a href=\"mailto:kontakt@karen-susan-fessel.de\">kontakt@karen-susan-fessel.de<\/a>\u00a0\u2013 und schon herrscht gespenstische Ruhe im virtuellen Briefkasten \u2026<\/p>\n<p style=\"text-align: center;\"><strong>Viel Spa\u00df beim Lesen w\u00fcnscht Karen-Susan Fessel!<\/strong><\/p>\n<p><strong>Was war?<\/strong><\/p>\n<p>Tja, und schwupps! ist das Jahr schon wieder fast herum. Ein Jahr voller Jubil\u00e4en: Vor zwanzig Jahren wurde mein erster Roman &#8222;Und abends mit Beleuchtung&#8220; im T\u00fcbinger konkursbuch Verlag ver\u00f6ffentlicht (eine eingehende Erinnerung ist seit heute auch auf dem <a title=\"Verlagsblog\" href=\"http:\/\/blog.konkursbuch.com\/\" target=\"_blank\">Verlagsblog <\/a>zu lesen). Seither sind genau\u00a030 B\u00fccher erschienen, aus denen ich insgesamt ca. 1500 Lesungen im In- und Ausland gehalten habe, dazu genau 77 Schreibworkshops. \u00a0Und die siebzigste Lesung in diesem Jahr liegt gerade hinter mir. Na, das ist doch was, oder?<\/p>\n<p>Ein weiteres, h\u00f6chst interessantes Jubil\u00e4um kommt aber noch: Am 15. Dezember werde ich knackige 50 Jahre alt. Das muss nat\u00fcrlich gefeiert werden &#8211; sowohl privat mit einer Feier, zu der ich wiederum ca.\u00a050 G\u00e4ste geladen habe, als auch mit einem neuen Preisr\u00e4tsel. Die Frage lautet:<\/p>\n<p>Wieviel Gramm habe ich bei der Geburt gewogen?<\/p>\n<p>Ja, nun muss geraten werden &#8230; Ein kleiner Hinweis: So richtig wenig auf die Waage gebracht habe ich noch nie!<\/p>\n<p>Wer das genaue Gewicht err\u00e4t, bekommt ein signiertes Exemplar eines der folgenden B\u00fccher nach Wahl: &#8222;Bronko, meine Frau Mutter und ich&#8220;, &#8222;Ein Stern namens Mama&#8220; oder &#8222;Max in den Wolken&#8220;.<\/p>\n<p>Und wenn es keiner err\u00e4t, dann will ich mal nicht so sein und schicke ein signiertes Exemplar nach eigener Wahl an den- oder diejenige(n) mit der\u00a0Sch\u00e4tzung, die am dichtesten dran liegt. Viel Spa\u00df also beim Raten!<\/p>\n<p>Und was war sonst noch los im November?<\/p>\n<p>Einiges, vor allem zahlreiche Lesungen und Veranstaltungen. Den Anfang machte die schon in der letzten Monatsbotin erw\u00e4hnte Lesung aus &#8222;Bronko, meine Frau Mutter und ich&#8220; am 2. November im Hamburger &#8222;Salon endlich&#8220;, dann ging es vom 10. bis zum 13. November wieder einmal zu den Kinder- und Jugendbuchwochen nach\u00a0Schleswig-Holstein, diesmal zu Lesungen in den Stadtb\u00fcchereien und -Bibliotheken in Pinneberg, L\u00fcbeck, Bad Schwartau und Bad Segeberg. Im schw\u00e4bischen\u00a0Eislingen las ich\u00a0unmittelbar danach am 14. November auf Einladung des Kinder- und Jugendb\u00fcros in der Stadthalle vor knapp hundert Jugendlichen aus &#8222;Steingesicht&#8220;, &#8222;Max in den Wolken&#8220; und &#8222;Liebe macht Anders&#8220;, und zwar im Rahmen der \u201eGO!\u201c-Pr\u00e4ventionswoche. Am selben Abend dann hielt ich meine letzte Erwachsenenlesung aus\u00a0&#8222;Bronko&#8220; im Stuttgarter Frauenkulturzentrum Sarah e.V.\u00a0\u2013 die fast durch einen Bombenfund\u00a0vereitelt wurde. Nein, nicht das Frauenzentrum an sich war bedroht, aber vor dem Haus in der Johannesstra\u00dfe wurde eine riesige Fliegerbombe aus dem zweiten Weltkrieg entdeckt. Gerade noch rechtzeitig vor Lesungsbeginn konnte sie entsch\u00e4rft werden. Zum Gl\u00fcck &#8211; allerdings w\u00e4re der Grund f\u00fcr die Absage der Lesung wiederum ja auch einmalig gewesen &#8230;<\/p>\n<p>In der Woche danach hatte ich nochmals die Ehre, gleich neun f\u00fcnfte und sechste Berliner Schulklassen aus\u00a0den Bezirken\u00a0Kreuzberg und Tempelhof mit Lesungen aus &#8222;Und wenn schon!&#8220; und co. erfreuen zu d\u00fcrfen, danach ging es dann in die Schweiz, um im Kanton Z\u00fcrich wiederum dreizehn Lesungen in verschiedenen Sekundarschulen zu halten.<\/p>\n<p>Zum Schreiben kam ich nat\u00fcrlich in diesem Monat somit kaum &#8211; aber Buch Nr. 31 mit dem vorl\u00e4ufigen Arbeitstitel &#8222;Spinner&#8220; ist ja, wie bekanntlich, im Oktober in der Rohfassung fertig geworden, soeben vom Lektorat zur\u00fcckgekommen &#8230;<\/p>\n<p><strong>Und was kommt?\u00a0<\/strong><\/p>\n<p>&#8230;\u00a0und wird nun von mir in den n\u00e4chsten Tagen \u00fcberarbeitet werden, um dann zur\u00fcck in den Kosmos-Verlag zu gehen, zum Endlektorat. Bis zur druckreifen Fassung wird es allerdings noch einige Zeit dauern, und auch der Umschlag ist noch in Arbeit, genau wie der endg\u00fcltige Titel. Gepanter Erscheinungstermin: 2015!<\/p>\n<p>An Veranstaltungen warten in diesem meinem Lieblingsmonat nun noch ein Schreibworkshop f\u00fcr Sch\u00fcler der 6. Klassen und eine Lesung f\u00fcr die Klasse 5a der Kreuzberger Lenau-Schule auf mich, die auch mein lieber Stiefsohn besucht. Allerdings ist dieser erst in der vierten Klasse, zu seinem gro\u00dfen \u00c4rger &#8230; Daf\u00fcr darf er dann bei meinem 50. Geburtstag t\u00fcchtig mitfeiern.<\/p>\n<p>Ja, und Buch Nr. 32 wartet auch schon auf mich, dazu sind meine beiden &#8222;privaten&#8220; Buchprojekte auch weiterhin\u00a0in Arbeit. Aber alle drei werde ich erst im Januar wieder bzw.\u00a0weiter in Angriff nehmen. Erstmal wird durchgeatmet und der Lieblingsmonat Dezember genossen! Und das hei\u00dft Lesen, herumkramen, hier und da etwas schreiben, u.a. mein t\u00e4gliches Gedicht, Tagebuch, Weihnachtspost, spazierengehen, Freunde treffen, Geburtstag, Weihnachten und Silvester im Kreise meiner Lieben feiern &#8230; also volles Programm!<\/p>\n<p style=\"text-align: center;\">Einen sch\u00f6nen Dezember, eine friedliche und fr\u00f6hliche Adventszeit und einen guten Rutsch ins neue Jahr 2015\u00a0w\u00fcnscht Karen-Susan Fessel!<\/p>\n<p style=\"text-align: center;\">\n","protected":false},"excerpt":{"rendered":"<p>Hier kommt die f\u00fcnfzehnte\u00a0Ausgabe der Monatsbotin von Karen-Susan Fessel \u2013 mit Notizen, Gedanken und Terminen vom Schreibtisch aus dem vierten Stock in Berlin-Kreuzberg! Wem sie gef\u00e4llt: liebend gern weiterempfehlen! Wer aber versehentlich auf dem Verteiler gelandet ist oder schon viel zu viel zu lesen hat: Eine kurze Mail mit dem Hinweis \u201eKeine weiteren Einsendungen gew\u00fcnscht\u201c &hellip; <\/p>\n<p class=\"link-more\"><a href=\"http:\/\/www.karen-susan-fessel.de\/index.php\/die-monatsbotin-notizen-aus-dem-vierten-stock-dezember-2014\/\" class=\"more-link\"><span class=\"screen-reader-text\">\u201eDie Monatsbotin: Notizen aus dem vierten Stock \/\/ Dezember 2014\u201c <\/span>weiterlesen<\/a><\/p>\n","protected":false},"author":2,"featured_media":0,"comment_status":"closed","ping_status":"closed","sticky":false,"template":"","format":"standard","meta":{"footnotes":""},"categories":[1,3],"tags":[],"class_list":["post-794","post","type-post","status-publish","format-standard","hentry","category-allgemein","category-neues-vom-schreibtisch"],"_links":{"self":[{"href":"http:\/\/www.karen-susan-fessel.de\/index.php\/wp-json\/wp\/v2\/posts\/794","targetHints":{"allow":["GET"]}}],"collection":[{"href":"http:\/\/www.karen-susan-fessel.de\/index.php\/wp-json\/wp\/v2\/posts"}],"about":[{"href":"http:\/\/www.karen-susan-fessel.de\/index.php\/wp-json\/wp\/v2\/types\/post"}],"author":[{"embeddable":true,"href":"http:\/\/www.karen-susan-fessel.de\/index.php\/wp-json\/wp\/v2\/users\/2"}],"replies":[{"embeddable":true,"href":"http:\/\/www.karen-susan-fessel.de\/index.php\/wp-json\/wp\/v2\/comments?post=794"}],"version-history":[{"count":4,"href":"http:\/\/www.karen-susan-fessel.de\/index.php\/wp-json\/wp\/v2\/posts\/794\/revisions"}],"predecessor-version":[{"id":798,"href":"http:\/\/www.karen-susan-fessel.de\/index.php\/wp-json\/wp\/v2\/posts\/794\/revisions\/798"}],"wp:attachment":[{"href":"http:\/\/www.karen-susan-fessel.de\/index.php\/wp-json\/wp\/v2\/media?parent=794"}],"wp:term":[{"taxonomy":"category","embeddable":true,"href":"http:\/\/www.karen-susan-fessel.de\/index.php\/wp-json\/wp\/v2\/categories?post=794"},{"taxonomy":"post_tag","embeddable":true,"href":"http:\/\/www.karen-susan-fessel.de\/index.php\/wp-json\/wp\/v2\/tags?post=794"}],"curies":[{"name":"wp","href":"https:\/\/api.w.org\/{rel}","templated":true}]}}