{"id":904,"date":"2015-03-31T13:35:02","date_gmt":"2015-03-31T11:35:02","guid":{"rendered":"http:\/\/www.karen-susan-fessel.de\/?p=904"},"modified":"2017-01-16T14:59:37","modified_gmt":"2017-01-16T12:59:37","slug":"die-monatsbotin-april-2015-notizen-aus-dem-vierten-stock","status":"publish","type":"post","link":"http:\/\/www.karen-susan-fessel.de\/index.php\/die-monatsbotin-april-2015-notizen-aus-dem-vierten-stock\/","title":{"rendered":"Die Monatsbotin April 2015 \/\/ Notizen aus dem vierten Stock"},"content":{"rendered":"<p><strong>Hier kommt die neunzehnte Ausgabe der\u00a0Monatsbotin\u00a0von Karen-Susan Fessel \u2013 mit Notizen, Gedanken und Terminen vom Schreibtisch aus dem vierten Stock in Berlin-Kreuzberg!<\/strong><\/p>\n<p>Wem sie gef\u00e4llt: liebend gern weiterempfehlen und abonnieren: \u00a0Eine kurze Mail mit dem Hinweis \u201eMonatsbotin gew\u00fcnscht\u201c an\u00a0<a href=\"mailto:kontakt@karen-susan-fessel.de\">kontakt@karen-susan-fessel.de<\/a>\u00a0\u2013 und schon liegt sie Monat f\u00fcr Monat im virtuellen Briefkasten \u200b&#8230;<\/p>\n<p><strong>Viel Spa\u00df beim Lesen w\u00fcnscht Karen-Susan Fessel!<\/strong><\/p>\n<p><strong>Was war?<\/strong><\/p>\n<p>Der M\u00e4rz war ein sehr produktiver Monat \u2013 allen voran ausgef\u00fcllt mit der Arbeit am neuen Kinderbuch mit dem vorl\u00e4ufigen Arbeitstitel \u201eGemischtes Doppel\u201c (ja, wer aufgepasst hat, hat auch gemerkt, dass er sich ver\u00e4ndert hat, der Arbeitstitel). Und wie in der letzten Monatsbotin anvisiert, habe ich das fertige Buch mit 154 Seiten Rohfassung dann vor einigen Tagen an meine Lektorin im Kosmos-Verlag geschickt. Geschafft! Und wieder bin ich ein wenig traurig, die beiden Hauptfiguren und ihren kleinen Nachbarshund mit den gro\u00dfen Schlappohren verabschieden zu m\u00fcssen. Aber wer wei\u00df, vielleicht gibt es ja ein Wiedersehen \u2026 und Wiederlesen, nat\u00fcrlich!<br \/>\nJetzt wird es mindestens zweimal hin und her gehen mit dem Manuskript: Die Lektorin wird zun\u00e4chst ihre Anmerkungen und Vorschl\u00e4ge machen, die ich wiederum einarbeite (oder auch ablehne), dann wird der gleiche Prozess noch einmal wiederholt. Danach pr\u00fcfen zwei Korrektoren den Text auf Rechtschreibfehler, woraufhin ich das Manuskript erneut durchlesen und schlie\u00dflich mit meiner Unterschrift als druckfertig genehmigen werde. Und dann dauert es eine Weile, bis es in Druck geht. Voraussichtlicher Erscheinungstermin: Fr\u00fchjahr 2016. Umso gr\u00f6\u00dfer wird dann die Freude sein, das Werk in der Hand zu halten.<\/p>\n<p>Und zwischendurch wird auch noch von Verlagsseite der endg\u00fcltige Titel und das Cover bestimmt, dazu werden die Werbetexte aufgesetzt, die dann in der Vorschau \u2013 ein Katalog, der die neuen B\u00fccher ank\u00fcndigt \u2013 zu lesen sind.<\/p>\n<p>Und was war noch im Monat M\u00e4rz? Vor allem allerhand Schrift- und Briefverkehr, der sich um zuk\u00fcnftige Werke bei verschiedenen Verlagen rankt. Das kostet gelegentlich einiges an Nerven und Verhandlungsgeschick, aber allm\u00e4hlich zeichnet sich ab, welche B\u00fccher ich in den n\u00e4chsten ein, zwei Jahren schreiben und wo ver\u00f6ffentlichen werde. Dar\u00fcber aber h\u00fclle ich mich noch in Schweigen, bis alles unter Dach und Fach ist. In der n\u00e4chsten Monatsbotin gibt es dazu dann sicher mehr zu berichten.<\/p>\n<p>Apropos Verlage: Ich schreibe ja f\u00fcr verschiedene Verlage mit Sitz in mehreren St\u00e4dten. Die Leipziger Messe bietet da immer eine gute Gelegenheit, sich kurz mit den verschiedenen Lektoren zu treffen und auch einmal die anderen Verlagsmitarbeiter kennen zu lernen. Und so machte ich am 12. M\u00e4rz zusammen mit meiner gesch\u00e4tzten Kollegin Christine Feh\u00e9r eine Tagestour zur Leipziger Messe, um dort auch noch weitere Kollegen zu treffen und diverse Termine wahrzunehmen. Ein paar sehr angenehme \u00dcberraschungsbegegnungen gab es gleich noch dazu! Tja, Leipzig ist immer eine Reise wert!<\/p>\n<p>In der Woche zuvor hatte ich \u00fcbrigens einen ganz speziellen Lieblingstermin in der Bezirkszentralbibliothek Tempelhof-Sch\u00f6neberg als ehrenamtliches Jurymitglied f\u00fcr Bezirksentscheid zum &#8222;Vorlesewettbewerb des Deutschen Buchhandels&#8220; der 6. Klassen. Eine schwierige Entscheidung, die hauchd\u00fcnn ausfiel. Der Sieger muss sich nun als n\u00e4chstes dem Landesentscheid stellen. Viel Gl\u00fcck, Moritz!<\/p>\n<p>Und vorgelesen habe ich nat\u00fcrlich auch \u2013 diesmal gleich f\u00fcnfzehn Mal vor Sch\u00fclerInnen der f\u00fcnften bis neunten Klassen im schweizerischen Kanton Zug, unter anderem in Baar, wo <a href=\"http:\/\/www.mediobaar.ch\/aktuelles\/autorenlesungen\">diese kleine Fotoreihe<\/a> aufgenommen wurde. Eine bestens organisierte und dank des starken Franken auch recht eintr\u00e4gliche Lesereise, organisiert von einer h\u00f6chst umtriebigen Bibliothekarin im Auftrag des Amtes f\u00fcr gemeindliche Schulen. Nur schade, dass ich nicht auch aus \u201e<a href=\"http:\/\/www.querverlag.de\/books\/bronko.html\">Bronko,meine Frau Mutter und ich<\/a>\u201c vorlesen konnte, meinem neuesten Erwachsenenroman, der ja in Zug spielt. So hoffe ich sehns\u00fcchtig auf eine andere Gelegenheit dazu!<\/p>\n<p>Und so ganz nebenbei habe ich in diesem sehr ausgef\u00fcllten Monat dann auch noch die Fahnen zum neuen Jugendbuch mit dem Arbeitstitel \u201eSpinner\u201c gelesen, das Anfang 2016 im Kosmos-Verlag erscheint. Und die ersten Onlineworkshops sind ja auch gestartet \u2013 neben dem Workshop \u201eMein Buch\u201c war es vor allem der &#8222;Kreativ-Quickie&#8220;, der die Teilnehmerinnen und mich auf Trab hielt!<\/p>\n<p>&nbsp;<\/p>\n<p><strong>Und was kommt?\u00a0<\/strong><\/p>\n<p>&nbsp;<\/p>\n<p>Der n\u00e4chste Kreativ-Quickie nat\u00fcrlich \u2013 direkt nach Ostern geht es los, Anmeldungen sind nat\u00fcrlich noch m\u00f6glich, ebenso f\u00fcr die anderen Online-Schreibworkshops!<\/p>\n<p>Ansonsten wartet der Anfang meines n\u00e4chsten geplanten Kinderbuchs auf mich, in dem diesmal wieder ein kleines M\u00e4dchen die Hauptrolle spielen wird. Das wiederum sich im zarten Alter von 9 Jahren als Tiersch\u00fctzerin bet\u00e4tigen wird. Um welche Tiere es dabei geht? Um sehr gro\u00dfe, sanfte mit weichen Lippen. Ja, genau, um K\u00fche! \u00dcber die ich als gro\u00dfe Tierliebhaberin schon lange mal schreiben wollte!<\/p>\n<p>Einen Auszug aus dem Werk werde ich dann vielleicht bei meiner einzigen Lesung im April vortragen: die Grundsch\u00fcler der Schule \u201eMenschenskinder\u201c in Sch\u00f6nwalde-Glien sind am 23. April n\u00e4mlich genau im passenden Alter!<\/p>\n<p>Und im April geht es auch endlich los mit dem Einlesen der B\u00fccher als H\u00f6rb\u00fccher: den Anfang macht das neueste, n\u00e4mlich \u201eBronko, meine Frau Mutter und ich\u201c. Gottseidank ist die Erk\u00e4ltungssaison vorbei. Also werde ich frisch ans Werk gehen! Und vielleicht ist das erste H\u00f6rbuch dann schon im Mai zum Download zu haben. Ich werde berichten!<\/p>\n<p><strong>Sch\u00f6ne Ostern und einen fr\u00fchlingshaften April w\u00fcnscht Karen-Susan Fessel!<\/strong><\/p>\n<p><strong>\u00d6ffentliche Termine im<\/strong>\u00a0<strong>April<\/strong>: Die Lesung in diesem Monat ist leider nicht \u00f6ffentlich \u2013 aber in den Online-Workshops sind daf\u00fcr noch Pl\u00e4tze frei! Informationen und Anmeldung unter <a href=\"http:\/\/www.karen-susan-fessel.de\/seminare\">www.karen-susan-fessel.de\/seminare<\/a><\/p>\n","protected":false},"excerpt":{"rendered":"<p>Hier kommt die neunzehnte Ausgabe der\u00a0Monatsbotin\u00a0von Karen-Susan Fessel \u2013 mit Notizen, Gedanken und Terminen vom Schreibtisch aus dem vierten Stock in Berlin-Kreuzberg! Wem sie gef\u00e4llt: liebend gern weiterempfehlen und abonnieren: \u00a0Eine kurze Mail mit dem Hinweis \u201eMonatsbotin gew\u00fcnscht\u201c an\u00a0kontakt@karen-susan-fessel.de\u00a0\u2013 und schon liegt sie Monat f\u00fcr Monat im virtuellen Briefkasten \u200b&#8230; Viel Spa\u00df beim Lesen w\u00fcnscht &hellip; <\/p>\n<p class=\"link-more\"><a href=\"http:\/\/www.karen-susan-fessel.de\/index.php\/die-monatsbotin-april-2015-notizen-aus-dem-vierten-stock\/\" class=\"more-link\"><span class=\"screen-reader-text\">\u201eDie Monatsbotin April 2015 \/\/ Notizen aus dem vierten Stock\u201c <\/span>weiterlesen<\/a><\/p>\n","protected":false},"author":2,"featured_media":0,"comment_status":"closed","ping_status":"closed","sticky":false,"template":"","format":"standard","meta":{"footnotes":""},"categories":[1,3],"tags":[],"class_list":["post-904","post","type-post","status-publish","format-standard","hentry","category-allgemein","category-neues-vom-schreibtisch"],"_links":{"self":[{"href":"http:\/\/www.karen-susan-fessel.de\/index.php\/wp-json\/wp\/v2\/posts\/904","targetHints":{"allow":["GET"]}}],"collection":[{"href":"http:\/\/www.karen-susan-fessel.de\/index.php\/wp-json\/wp\/v2\/posts"}],"about":[{"href":"http:\/\/www.karen-susan-fessel.de\/index.php\/wp-json\/wp\/v2\/types\/post"}],"author":[{"embeddable":true,"href":"http:\/\/www.karen-susan-fessel.de\/index.php\/wp-json\/wp\/v2\/users\/2"}],"replies":[{"embeddable":true,"href":"http:\/\/www.karen-susan-fessel.de\/index.php\/wp-json\/wp\/v2\/comments?post=904"}],"version-history":[{"count":2,"href":"http:\/\/www.karen-susan-fessel.de\/index.php\/wp-json\/wp\/v2\/posts\/904\/revisions"}],"predecessor-version":[{"id":906,"href":"http:\/\/www.karen-susan-fessel.de\/index.php\/wp-json\/wp\/v2\/posts\/904\/revisions\/906"}],"wp:attachment":[{"href":"http:\/\/www.karen-susan-fessel.de\/index.php\/wp-json\/wp\/v2\/media?parent=904"}],"wp:term":[{"taxonomy":"category","embeddable":true,"href":"http:\/\/www.karen-susan-fessel.de\/index.php\/wp-json\/wp\/v2\/categories?post=904"},{"taxonomy":"post_tag","embeddable":true,"href":"http:\/\/www.karen-susan-fessel.de\/index.php\/wp-json\/wp\/v2\/tags?post=904"}],"curies":[{"name":"wp","href":"https:\/\/api.w.org\/{rel}","templated":true}]}}