{"id":910,"date":"2015-04-17T12:17:43","date_gmt":"2015-04-17T10:17:43","guid":{"rendered":"http:\/\/www.karen-susan-fessel.de\/?p=910"},"modified":"2017-01-16T14:59:37","modified_gmt":"2017-01-16T12:59:37","slug":"herzlichen-glueckwunsch-40-jahre-josfritz-freiburg","status":"publish","type":"post","link":"http:\/\/www.karen-susan-fessel.de\/index.php\/herzlichen-glueckwunsch-40-jahre-josfritz-freiburg\/","title":{"rendered":"Herzlichen Gl\u00fcckwunsch: 40 Jahre jos fritz in Freiburg!"},"content":{"rendered":"<p>Eine kleine <a title=\"Hommage von mir\" href=\"http:\/\/www.josfritz.de\/webpages\/ueber_uns\/40-jahre-jos-fritz-autorenglueckwuensche.php\">Hommage <\/a>an eine ganz besondere Buchhandlung im S\u00fcden, die seit 40 Jahren gute B\u00fccher anbietet &#8212; Gl\u00fcckwunsch an jos fritz in\u00a0Freiburg!<\/p>\n<p>&nbsp;<\/p>\n","protected":false},"excerpt":{"rendered":"<p>Eine kleine Hommage an eine ganz besondere Buchhandlung im S\u00fcden, die seit 40 Jahren gute B\u00fccher anbietet &#8212; Gl\u00fcckwunsch an jos fritz in\u00a0Freiburg! &nbsp;<\/p>\n","protected":false},"author":2,"featured_media":0,"comment_status":"closed","ping_status":"closed","sticky":false,"template":"","format":"standard","meta":{"footnotes":""},"categories":[1],"tags":[],"class_list":["post-910","post","type-post","status-publish","format-standard","hentry","category-allgemein"],"_links":{"self":[{"href":"http:\/\/www.karen-susan-fessel.de\/index.php\/wp-json\/wp\/v2\/posts\/910","targetHints":{"allow":["GET"]}}],"collection":[{"href":"http:\/\/www.karen-susan-fessel.de\/index.php\/wp-json\/wp\/v2\/posts"}],"about":[{"href":"http:\/\/www.karen-susan-fessel.de\/index.php\/wp-json\/wp\/v2\/types\/post"}],"author":[{"embeddable":true,"href":"http:\/\/www.karen-susan-fessel.de\/index.php\/wp-json\/wp\/v2\/users\/2"}],"replies":[{"embeddable":true,"href":"http:\/\/www.karen-susan-fessel.de\/index.php\/wp-json\/wp\/v2\/comments?post=910"}],"version-history":[{"count":3,"href":"http:\/\/www.karen-susan-fessel.de\/index.php\/wp-json\/wp\/v2\/posts\/910\/revisions"}],"predecessor-version":[{"id":912,"href":"http:\/\/www.karen-susan-fessel.de\/index.php\/wp-json\/wp\/v2\/posts\/910\/revisions\/912"}],"wp:attachment":[{"href":"http:\/\/www.karen-susan-fessel.de\/index.php\/wp-json\/wp\/v2\/media?parent=910"}],"wp:term":[{"taxonomy":"category","embeddable":true,"href":"http:\/\/www.karen-susan-fessel.de\/index.php\/wp-json\/wp\/v2\/categories?post=910"},{"taxonomy":"post_tag","embeddable":true,"href":"http:\/\/www.karen-susan-fessel.de\/index.php\/wp-json\/wp\/v2\/tags?post=910"}],"curies":[{"name":"wp","href":"https:\/\/api.w.org\/{rel}","templated":true}]}}