{"id":915,"date":"2015-05-04T11:23:30","date_gmt":"2015-05-04T09:23:30","guid":{"rendered":"http:\/\/www.karen-susan-fessel.de\/?p=915"},"modified":"2017-01-16T14:59:37","modified_gmt":"2017-01-16T12:59:37","slug":"die-monatsbotin-mai-2015-notizen-aus-dem-vierten-stock","status":"publish","type":"post","link":"http:\/\/www.karen-susan-fessel.de\/index.php\/die-monatsbotin-mai-2015-notizen-aus-dem-vierten-stock\/","title":{"rendered":"Die Monatsbotin Mai 2015 \/\/ Notizen aus dem vierten Stock"},"content":{"rendered":"<p><strong>Hier kommt die zwanzigste\u00a0Ausgabe der\u00a0Monatsbotin\u00a0von Karen-Susan Fessel \u2013 mit Notizen, Gedanken und Terminen vom Schreibtisch aus dem vierten Stock in Berlin-Kreuzberg!<\/strong><\/p>\n<p>Wem sie gef\u00e4llt: liebend gern weiterempfehlen und abonnieren: \u00a0Eine kurze Mail mit dem Hinweis \u201eMonatsbotin gew\u00fcnscht\u201c an\u00a0<a href=\"mailto:kontakt@karen-susan-fessel.de\">kontakt@karen-susan-fessel.de<\/a>\u00a0\u2013 und schon liegt sie Monat f\u00fcr Monat im virtuellen Briefkasten \u200b&#8230;<\/p>\n<p><strong>Viel Spa\u00df beim Lesen w\u00fcnscht Karen-Susan Fessel!<\/strong><\/p>\n<p><strong>Was war?<\/strong><\/p>\n<p>Der April liegt nun schon wieder in paar Tage zur\u00fcck &#8211; und entpuppte sich wieder das sprichw\u00f6rtliche Aprilwetter: voller \u00dcberraschungen, abwechslungsreich und zuweilen st\u00fcrmisch &#8230;<\/p>\n<p>Daf\u00fcr sorgten zun\u00e4chst die <a href=\"http:\/\/www.karen-susan-fessel.de\/seminare\">Onlineworkshops<\/a>, alles voran der <a href=\"http:\/\/www.karen-susan-fessel.de\/seminare\/index.php\/kreativ-quickie-schreib-dich-rein\/\">Kreativ-Quickie<\/a>, dessen straffes Arbeitstempo &#8211; acht Aufgaben in vier Wochen &#8211; nicht nur die Teilnehmenden in Atem hielt, sondern auch mich. Kein Wunder, dass einige Male um Aufschub gebeten wurde. Aber heute habe ich dann die letzte und achte Aufgabe an die letzte Teilnehmerin losgeschickt und freue mich schon auf den n\u00e4chsten Kreativ-Quickie im Juni.<\/p>\n<p>Wie geplant, habe ich den Anfang meines n\u00e4chsten geplanten Kinderbuchs mit dem Arbeitstitel &#8222;Frieda Fricke, unm\u00f6glich!&#8220; geschrieben, eine wahre Herausforderung. Der Handlungsort\u00a0&#8211;\u00a0der alte Hof, auf dem Hauptperson Frieda lebt &#8211; , liegt \u00fcbrigens direkt hinter dem schleswig-holsteinischen Elbdeich und hat damit aktuellen Bezug: Im nahegelegenen \u00d6rtchen Wewelsfleth war ich zweimal l\u00e4ngere Zeit als Stipendiatin im Alfred-D\u00f6blin-Haus zu Gast. Und ebenjenes Haus war in vergangenen Zeiten das Wohnhaus des k\u00fcrzlich verstorbenen Nobelpreistr\u00e4gers G\u00fcnter Grass, der es nach seinem Wegzug dem Berliner Senat schenkte. Seither werden dort f\u00f6rderungsw\u00fcrdige Berliner AutorInnen untergebracht und k\u00f6nnen sich in Ruhe der literarischen Arbeit widmen. Ich habe 1997 und 2001 insgesamt sehr produktive acht Monate dort verbracht und dar\u00fcber gerade einen Text f\u00fcr eine von Thilo Bock und Peter Wawerzinek herausgegebene Anthologie verfasst, die in diesem Sommer erscheinen und sich dem Alfred-D\u00f6blin-Haus und seiner langj\u00e4hrigen Hausdame Hannelore Keyn widmen wird. Zu deren fr\u00fcherer Hilfskraft \u00fcbrigens, Lore Rademann, habe ich immer noch Kontakt. Denn Lore wiederum wohnte fr\u00fcher genau dort, wo in Zukunft Frieda (9) f\u00fcr reichlich Wirbel sorgen wird &#8230; So schlie\u00dfen sich die Kreise!<\/p>\n<p>Noch dazu sind in diesem Monat April mehrere weitere k\u00fcrzere Texte entstanden, zum Beispiel f\u00fcr die Festschrift der seit 40 Jahren bestehenden Freiburger Buchhandlung <a href=\"http:\/\/www.josfritz.de\/webpages\/ueber_uns\/40-jahre-jos-fritz-autorenglueckwuensche.php\">Jos Fritz<\/a> oder den Blog meines ersten Verlages, dem <a href=\"http:\/\/blog.konkursbuch.com\/\">konkursbuch<\/a>-Verlag. Darin geht es ab Mittwoch, dem 6. Mai um Tage- und Notizb\u00fccher, durchaus wichtige Konstanten\u00a0im Leben einer Schriftstellerin!<\/p>\n<p>Aus meinem inzwischen im Lektorat befindlichen, schon fertig geschriebenen neuen Kinderbuch mit dem Arbeitstitel &#8222;Gemischtes Doppel&#8220;\u00a0einen Auszug bei meinen beiden einzigen Lesungen im April in der Grundschule\u00a0\u201eMenschenskinder\u201c am 23. in Sch\u00f6nwalde-Glien vorzutragen, dazu reichte die Zeit leider nicht. Schlie\u00dflich musste ich ja schon so viel aus &#8222;Ein Stern namens Mama&#8220; und &#8222;Und wenn schon!&#8220; vorlesen &#8230; Aber die n\u00e4chsten beiden Lesungen dort im kommendem Jahr sind schon gebucht, und dann ist das &#8222;Gemischte Doppel&#8220; ja auch schon beim Kosmos Verlag erschienen.<\/p>\n<p>Zum \u00a0Einlesen von\u00a0\u201eBronko, meine Frau Mutter und ich\u201c kam ich leider noch nicht &#8211; zum einen, weil das technische Equipment noch fehlt, zum anderen aus Zeitgr\u00fcnden. Denn in Arbeit habe ich gerade noch zwei recht umfangreiche Lektorate, die mir sehr viel Spa\u00df machen, aber auch viel Zeit in Anspruch nehmen. Dar\u00fcber n\u00e4chstes Mal mehr!<\/p>\n<p>Und auch erst n\u00e4chstes Mal kann ich \u00fcber meine weiteren zuk\u00fcnftigen Ver\u00f6ffentlichungen berichten, denn noch sind die Vertr\u00e4ge in Arbeit. Eins aber ist sicher: Es gibt 2016 und 2017 auch wieder\u00a0neue B\u00fccher von mir zu lesen! Und dazu noch &#8222;alte&#8220; B\u00fccher in neuem Gewand &#8230; Wie gesagt, n\u00e4chstes Mal mehr!<\/p>\n<p><strong>Und was kommt?<\/strong><\/p>\n<p>Der Wonnemonat Mai und damit diverse Geburtstage und Pr\u00fcfungen im privaten Umfeld\u00a0&#8211; und reichlich Arbeit dazu: schlie\u00dflich l\u00e4uft der Online-Workshop &#8222;Biografisches Schreiben&#8220; weiter bis Ende Juli, und die beiden Lektorate werden auch noch weiterhin Zeit in Anspruch nehmen. Vor mir auf dem Tisch liegt auch der\u00a0fertig lektorierte, im Juli beim Kosmos-Verlag erscheinende Jugendroman, den ich noch ein letzes Mal auf Unstimmigkeiten hin durchgehen werde. Und die Vorbereitungen f\u00fcr mein n\u00e4chstes Jugendbuch, \u00fcber das ich leider noch nichts verraten darf, stehen auch an.<\/p>\n<p>Und damit ich in Bewegung bleibe, werde ich am 12. und 13. Mai nach Schwerin zu einem zweit\u00e4gigen Schreibworkshop f\u00fcr Jugendliche fahren, und am 21. Mai gibt es dann auch wieder einmal Gelegenheit, mich \u00f6ffentlich lesen zu h\u00f6ren, und zwar gleich zweimal bei der Europ\u00e4ischen <a href=\"http:\/\/www.buchmesse-saarbruecken.eu\/\">Kinder- und Jugendbuchmesse <\/a>in Saarbr\u00fccken &#8230; aus &#8222;Schattenblicke&#8220;. Ein seltenes Ereignis, also nichts wie hin ins Saarland!<\/p>\n<p><strong>Einen warmen Mai\u00a0w\u00fcnscht Karen-Susan Fessel!<\/strong><\/p>\n<p><strong>\u00d6ffentliche Termine im<\/strong>\u00a0<span style=\"color: #000000;\"><b>Mai<\/b><\/span>:\u00a021. Mai, Saarbr\u00fccken, 11 und 15h, Schloss Saarbr\u00fccken: Lesung aus \u201eSchattenblicke\u201c, moderiert von Ruth Rousselange<\/p>\n<p>Onlineschreibworkshops &#8211; freie Pl\u00e4tze und Termine unter <a href=\"http:\/\/www.karen-susan-fessel.de\/seminare\">www.karen-susan-fessel.de\/seminare<\/a><\/p>\n","protected":false},"excerpt":{"rendered":"<p>Hier kommt die zwanzigste\u00a0Ausgabe der\u00a0Monatsbotin\u00a0von Karen-Susan Fessel \u2013 mit Notizen, Gedanken und Terminen vom Schreibtisch aus dem vierten Stock in Berlin-Kreuzberg! Wem sie gef\u00e4llt: liebend gern weiterempfehlen und abonnieren: \u00a0Eine kurze Mail mit dem Hinweis \u201eMonatsbotin gew\u00fcnscht\u201c an\u00a0kontakt@karen-susan-fessel.de\u00a0\u2013 und schon liegt sie Monat f\u00fcr Monat im virtuellen Briefkasten \u200b&#8230; Viel Spa\u00df beim Lesen w\u00fcnscht Karen-Susan &hellip; <\/p>\n<p class=\"link-more\"><a href=\"http:\/\/www.karen-susan-fessel.de\/index.php\/die-monatsbotin-mai-2015-notizen-aus-dem-vierten-stock\/\" class=\"more-link\"><span class=\"screen-reader-text\">\u201eDie Monatsbotin Mai 2015 \/\/ Notizen aus dem vierten Stock\u201c <\/span>weiterlesen<\/a><\/p>\n","protected":false},"author":2,"featured_media":0,"comment_status":"closed","ping_status":"closed","sticky":false,"template":"","format":"standard","meta":{"footnotes":""},"categories":[1,3],"tags":[],"class_list":["post-915","post","type-post","status-publish","format-standard","hentry","category-allgemein","category-neues-vom-schreibtisch"],"_links":{"self":[{"href":"http:\/\/www.karen-susan-fessel.de\/index.php\/wp-json\/wp\/v2\/posts\/915","targetHints":{"allow":["GET"]}}],"collection":[{"href":"http:\/\/www.karen-susan-fessel.de\/index.php\/wp-json\/wp\/v2\/posts"}],"about":[{"href":"http:\/\/www.karen-susan-fessel.de\/index.php\/wp-json\/wp\/v2\/types\/post"}],"author":[{"embeddable":true,"href":"http:\/\/www.karen-susan-fessel.de\/index.php\/wp-json\/wp\/v2\/users\/2"}],"replies":[{"embeddable":true,"href":"http:\/\/www.karen-susan-fessel.de\/index.php\/wp-json\/wp\/v2\/comments?post=915"}],"version-history":[{"count":4,"href":"http:\/\/www.karen-susan-fessel.de\/index.php\/wp-json\/wp\/v2\/posts\/915\/revisions"}],"predecessor-version":[{"id":926,"href":"http:\/\/www.karen-susan-fessel.de\/index.php\/wp-json\/wp\/v2\/posts\/915\/revisions\/926"}],"wp:attachment":[{"href":"http:\/\/www.karen-susan-fessel.de\/index.php\/wp-json\/wp\/v2\/media?parent=915"}],"wp:term":[{"taxonomy":"category","embeddable":true,"href":"http:\/\/www.karen-susan-fessel.de\/index.php\/wp-json\/wp\/v2\/categories?post=915"},{"taxonomy":"post_tag","embeddable":true,"href":"http:\/\/www.karen-susan-fessel.de\/index.php\/wp-json\/wp\/v2\/tags?post=915"}],"curies":[{"name":"wp","href":"https:\/\/api.w.org\/{rel}","templated":true}]}}