{"id":924,"date":"2015-05-30T20:42:01","date_gmt":"2015-05-30T18:42:01","guid":{"rendered":"http:\/\/www.karen-susan-fessel.de\/?p=924"},"modified":"2017-01-16T14:59:37","modified_gmt":"2017-01-16T12:59:37","slug":"die-monatsbotin-juni-2015-notizen-aus-dem-vierten-stock","status":"publish","type":"post","link":"http:\/\/www.karen-susan-fessel.de\/index.php\/die-monatsbotin-juni-2015-notizen-aus-dem-vierten-stock\/","title":{"rendered":"Die Monatsbotin Juni 2015 \/\/ Notizen aus dem vierten Stock"},"content":{"rendered":"<p><strong>Hier kommt die einundzwanzigste\u00a0Ausgabe der\u00a0Monatsbotin\u00a0von Karen-Susan Fessel \u2013 mit Notizen, Gedanken und Terminen vom Schreibtisch aus dem vierten Stock in Berlin-Kreuzberg!<\/strong><\/p>\n<p>Wem sie gef\u00e4llt: liebend gern abonnieren und weiterempfehlen: \u00a0Eine kurze Mail mit dem Hinweis \u201eMonatsbotin\u00a0gew\u00fcnscht\u201c an\u00a0<a href=\"mailto:kontakt@karen-susan-fessel.de\">kontakt@karen-susan-fessel.de<\/a>\u00a0\u2013 und schon liegt sie Monat f\u00fcr Monat im virtuellen Briefkasten \u200b&#8230;<\/p>\n<p><strong>Viel Spa\u00df beim Lesen w\u00fcnscht Karen-Susan Fessel!<\/strong><\/p>\n<p><strong>Was war?<\/strong><\/p>\n<p>Der Wonnemonat Mai ist zwar noch nicht ganz um, aber er hatte es in sich! Vor allem f\u00fcr meine jugendliche (Wahl-)Verwandtschaft, die allesamt in diesem Monat zu entscheidenden Pr\u00fcfungen antreten musste: die \u00e4ltere Nichte hat nun s\u00e4mtliche Abiturpr\u00fcfungen hinter sich, die j\u00fcngere den Mittleren Schulabschluss, und das neunj\u00e4hrige Stiefs\u00f6hnchen legte erfolgreich die gestrenge Pr\u00fcfung f\u00fcr die Aufnahme in die Staatliche Ballettschule Berlin ab. Was bedeutet, dass er ab September dort als F\u00fcnftkl\u00e4ssler zur Schule gehen wird, um parallel zur schulischen Ausbildung eine Berufsausbildung als Staatlich gepr\u00fcfter B\u00fchnent\u00e4nzer zu absolvieren. Nebst einer ganzen Anzahl von Geburtstagen war das in diesem Monat ein weiterer Grund zum Feiern!<\/p>\n<p>Ein weiterer Geburtstag steht \u00fcbrigens im September an: mein Hausverlag f\u00fcr die Erwachsenenb\u00fccher, der Berliner Querverlag, wird zwanzig Jahre alt! Auf einem eigenen Blog, <a href=\"https:\/\/quer20.wordpress.com\/quer20\/\">#quer20<\/a>, gibt es schon vorab dazu einiges zu lesen und zu sehen, zum Beispiel eine Galerie meiner Pressefotos aus den vergangenen zwei Jahrzehnten ab Montag, dem 1. Juni. Jaja, wie die Zeit vergeht!<\/p>\n<p>Ansonsten lie\u00df das April-, ach nein, das Maiwetter zwar ein wenig zu w\u00fcnschen \u00fcbrig, doch zu tun war reichlich \u2013 dabei hielten mich zun\u00e4chst zwei spannende Lektorate und ein nicht minder interessantes Coaching in Atem. Dabei ging es nicht um eigene Werke, sondern um die sehr unterschiedlichen Buchprojekte dreier sehr unterschiedlicher Autorinnen. Zwei davon sind Romane, von denen einer im Herbstprogramm des Querverlages erscheinen wird: \u201eRosie und die Suffragetten\u201c von Katharina M\u00fcller spielt in England am Vorabend des ersten Weltkrieges und erz\u00e4hlt die Geschichte der Suffragettenbewegung anhand eines h\u00f6chst umtriebigen Dienstm\u00e4dchens, das unversehens in die vorderste Reihe der Bewegung ger\u00e4t. Katharina M\u00fcller hat bereits zwei weitere B\u00fccher ver\u00f6ffentlicht; kennengelernt haben wir uns vor vielen Jahren in einem meiner ersten Schreibworkshops im Frauenbildungshaus Altenb\u00fccken. F\u00fcr mich ist es nat\u00fcrlich eine besondere Freude, wenn eine Absolventin meiner Schreibworkshops dann tats\u00e4chlich zur Kollegin wird!<\/p>\n<p>Auch das zweite Romanprojekt k\u00f6nnte diesen Weg nehmen \u2013 es ist vielversprechend und hat ein ungew\u00f6hnliches Thema, braucht aber noch eine Weile. Schreiben muss die Autorin es nat\u00fcrlich selbst, aber ab und zu werfe ich einen gr\u00fcndlichen Blick auf die Konzeption und Struktur des Werkes. Das \u2013 wie \u00fcberhaupt das Lektorieren \u2013 macht mir ungemein viel Spa\u00df und ist f\u00fcr mich zugleich lehrreich, arbeitsintensiv als auch erholsam \u2013 generell versuche ich immer zun\u00e4chst, in der Arbeit mit fremden Texten die St\u00e4rken und Schw\u00e4chen in der Konzeption herauszufiltern, danach geht es dann an die sprachliche und inhaltliche Arbeit.<\/p>\n<p>Alle drei Phasen hat das soeben fertiggestellte B\u00fcchlein von Katrin H\u00f6fer aus Hermsdorf nun hinter sich: in ihren \u201eFritzGlock \u2013 Fenstergeschichten\u201c erz\u00e4hlt sie die wechselhafte Geschichte eines erfolgreichen Familienbetriebes, der sich in fast hundert Jahren trotz aller H\u00f6hen und Tiefen seinen ganz eigenen Charme bewahrt hat.<\/p>\n<p>Parallel zu allen drei Projekten liefen nat\u00fcrlich auch die Online-Workshops &#8222;Biografisches Schreiben&#8220; und der \u201eKreativ-Quickie\u201c weiter. Und auch den im Juli beim Kosmos-Verlag erscheinende Jugendroman \u201eWas in den Schatten ruht\u201c (fr\u00fcherer Arbeitstitel: \u201eSpinner\u201c) habe ich noch ein letztes Mal einer genauen Pr\u00fcfung unterzogen, bevor er nun in Druck geht. Auf die Lesungen aus dem Roman, der \u00fcbrigens an einer Wasserskianlage im Emsland spielt \u2013 die Anlage in Schloss Dankern, an der ich liebend gern selbst Wasserski fahre, diente hier als Vorbild \u2013 freue ich mich schon jetzt sehr!<\/p>\n<p>Vorgelesen habe ich im Mai allerdings aus meinem zuletzt erschienen Jugendbuch \u201eSchattenblicke\u201c bei der 15. Europ\u00e4ischen\u00a0<a href=\"http:\/\/www.buchmesse-saarbruecken.eu\/\">Kinder- und Jugendbuchmesse\u00a0<\/a>in Saarbr\u00fccken. Um gleich anschlie\u00dfend f\u00fcr ein paar Tage privat nach R\u00fcgen zu reisen \u2026 und danach sofort mit der Arbeit am n\u00e4chsten Jugendbuch zu beginnen, das im Sommer 2017 erscheinen wird. Worum es geht und wo der Roman erscheinen wird, kann ich noch nicht verraten \u2013 dazu bald mehr!<\/p>\n<p>Ein Jahr fr\u00fcher aber, das hei\u00dft, im Juli 2016, wird mein erstes Kinderbuch \u201eEin Stern namens Mama\u201c, das als gebundene Ausgabe jetzt nach 16 Jahren nicht mehr aufgelegt wird, neu als Taschenbuch im Verlag Friedrich Oetinger erscheinen. Weitere Taschenbuchausgaben anderer B\u00fccher, jeweils mit umfangreichem Lehrmaterial, sind bereits in Arbeit. Ich freue mich \u00fcber die auf diese Weise neu aufgefrischte Beziehung zu meinem ersten Kinder- und Jugendbuchverlag, in dem von 1999 an insgesamt zw\u00f6lf B\u00fccher erschienen sind.<\/p>\n<p>Ja, das klingt doch nach einem vollen Programm, nicht wahr? Und so wird man mir sicher verzeihen, dass ich immer noch nicht damit begonnen habe, die versprochenen H\u00f6rb\u00fccher, allen voran \u201eBronko, meine Frau Mutter und ich\u201c, einzulesen. Im Juni aber werde ich zumindest das technische Equipment bekommen, und dann geht es hoffentlich los!<\/p>\n<p><strong>Und was kommt?<\/strong><\/p>\n<p>Zun\u00e4chst einmal zwei Lesungen in Wuppertal: am 1. Juni lese ich auf Einladung der Gleichstellungsstelle und des Frauenzentrums urania um 18h im Haus der Jugend in Elberfeld, am 2. Juni morgens in der Else-Lasker-Gesamtschule aus \u201eLiebe macht Anders\u201c und anderen B\u00fcchern.<\/p>\n<p>Danach geht es mit Schwung an die Arbeit am neuen Jugendbuch, das im Monat Juni bis mindestens Seite 60 gedeihen soll. Damit ich dann am Ende des Monats entspannt zu meinem j\u00e4hrlichen Schreibworkshop beim Treffen HIV-positiver und AIDS-kranker Frauen in der Akademie Waldschl\u00f6sschen bei G\u00f6ttingen reisen kann \u2013 und h\u00f6chstwahrscheinlich gleich anschlie\u00dfend weiter nach Kassel, um im dortigen CSD-Programm am 28. Juni aus \u201e<a href=\"http:\/\/www.karen-susan-fessel.de\/index.php\/bibliografie\/#jp-carousel-801\">Bronko, meine FrauMutter und ich<\/a>\u201c vorzutragen.<\/p>\n<p><strong>Einen sommerlichen Juni\u00a0w\u00fcnscht Karen-Susan Fessel!<\/strong><\/p>\n<p><strong>\u00d6ffentliche Termine im<\/strong>\u00a0<strong>Juni<\/strong>:\u00a01. Juni, Wuppertal-Elberfeld, Haus der Jugend, Bergstra\u00dfe, 50, 18h: Lesung aus \u201eLiebe macht Anders\u201c und anderen B\u00fcchern \/\/ 25.-28. Juni, Akademie Waldschl\u00f6sschen: Schreibworkshop im Rahmen des Treffens HIV-positiver und AIDS-kranker Frauen; Anmeldung und Informationen <a href=\"https:\/\/www.waldschloesschen.org\/de\/veranstaltungsdetails.html?va_nr=5710\">hier<\/a><\/p>\n<p><strong>Onlineworkshops<\/strong>: Der n\u00e4chste Kreativ-Quickie beginnt am 5. Juni \u2013 Weitere Informationen und Anmeldung auch f\u00fcr die Workshops \u201eMein Buch\u201c und \u201eBiografisches Schreiben\u201c sowie Einzelcoaching unter\u00a0<a href=\"http:\/\/www.karen-susan-fessel.de\/seminare\">www.karen-susan-fessel.de\/seminare<\/a><\/p>\n<p>&nbsp;<\/p>\n","protected":false},"excerpt":{"rendered":"<p>Hier kommt die einundzwanzigste\u00a0Ausgabe der\u00a0Monatsbotin\u00a0von Karen-Susan Fessel \u2013 mit Notizen, Gedanken und Terminen vom Schreibtisch aus dem vierten Stock in Berlin-Kreuzberg! Wem sie gef\u00e4llt: liebend gern abonnieren und weiterempfehlen: \u00a0Eine kurze Mail mit dem Hinweis \u201eMonatsbotin\u00a0gew\u00fcnscht\u201c an\u00a0kontakt@karen-susan-fessel.de\u00a0\u2013 und schon liegt sie Monat f\u00fcr Monat im virtuellen Briefkasten \u200b&#8230; Viel Spa\u00df beim Lesen w\u00fcnscht Karen-Susan Fessel! &hellip; <\/p>\n<p class=\"link-more\"><a href=\"http:\/\/www.karen-susan-fessel.de\/index.php\/die-monatsbotin-juni-2015-notizen-aus-dem-vierten-stock\/\" class=\"more-link\"><span class=\"screen-reader-text\">\u201eDie Monatsbotin Juni 2015 \/\/ Notizen aus dem vierten Stock\u201c <\/span>weiterlesen<\/a><\/p>\n","protected":false},"author":2,"featured_media":0,"comment_status":"closed","ping_status":"closed","sticky":false,"template":"","format":"standard","meta":{"footnotes":""},"categories":[1,3],"tags":[],"class_list":["post-924","post","type-post","status-publish","format-standard","hentry","category-allgemein","category-neues-vom-schreibtisch"],"_links":{"self":[{"href":"http:\/\/www.karen-susan-fessel.de\/index.php\/wp-json\/wp\/v2\/posts\/924","targetHints":{"allow":["GET"]}}],"collection":[{"href":"http:\/\/www.karen-susan-fessel.de\/index.php\/wp-json\/wp\/v2\/posts"}],"about":[{"href":"http:\/\/www.karen-susan-fessel.de\/index.php\/wp-json\/wp\/v2\/types\/post"}],"author":[{"embeddable":true,"href":"http:\/\/www.karen-susan-fessel.de\/index.php\/wp-json\/wp\/v2\/users\/2"}],"replies":[{"embeddable":true,"href":"http:\/\/www.karen-susan-fessel.de\/index.php\/wp-json\/wp\/v2\/comments?post=924"}],"version-history":[{"count":3,"href":"http:\/\/www.karen-susan-fessel.de\/index.php\/wp-json\/wp\/v2\/posts\/924\/revisions"}],"predecessor-version":[{"id":928,"href":"http:\/\/www.karen-susan-fessel.de\/index.php\/wp-json\/wp\/v2\/posts\/924\/revisions\/928"}],"wp:attachment":[{"href":"http:\/\/www.karen-susan-fessel.de\/index.php\/wp-json\/wp\/v2\/media?parent=924"}],"wp:term":[{"taxonomy":"category","embeddable":true,"href":"http:\/\/www.karen-susan-fessel.de\/index.php\/wp-json\/wp\/v2\/categories?post=924"},{"taxonomy":"post_tag","embeddable":true,"href":"http:\/\/www.karen-susan-fessel.de\/index.php\/wp-json\/wp\/v2\/tags?post=924"}],"curies":[{"name":"wp","href":"https:\/\/api.w.org\/{rel}","templated":true}]}}