{"id":931,"date":"2015-07-02T13:26:54","date_gmt":"2015-07-02T11:26:54","guid":{"rendered":"http:\/\/www.karen-susan-fessel.de\/?p=931"},"modified":"2017-01-16T14:59:37","modified_gmt":"2017-01-16T12:59:37","slug":"die-monatsbotin-juli-2015-notizen-aus-dem-vierten-stock","status":"publish","type":"post","link":"http:\/\/www.karen-susan-fessel.de\/index.php\/die-monatsbotin-juli-2015-notizen-aus-dem-vierten-stock\/","title":{"rendered":"Die Monatsbotin Juli 2015 \/\/ Notizen aus dem vierten Stock"},"content":{"rendered":"<p><strong>Hier kommt die zweiundzwanzigste\u00a0Ausgabe der\u00a0Monatsbotin\u00a0von Karen-Susan Fessel \u2013 mit Notizen, Gedanken und Terminen vom Schreibtisch aus dem vierten Stock in Berlin-Kreuzberg!<\/strong><\/p>\n<p>Wem sie gef\u00e4llt: liebend gern weiterempfehlen: \u00a0Eine kurze Mail mit dem Hinweis \u201eMonatsbotin gew\u00fcnscht\u201c an\u00a0<a href=\"mailto:kontakt@karen-susan-fessel.de\">kontakt@karen-susan-fessel.de<\/a>\u00a0\u2013 und schon liegt sie Monat f\u00fcr Monat im virtuellen Briefkasten \u200b&#8230;<\/p>\n<p>&nbsp;<\/p>\n<p><strong>Viel Spa\u00df beim Lesen w\u00fcnscht Karen-Susan Fessel!<\/strong><\/p>\n<p><strong>Was war?<\/strong><\/p>\n<p>Der Juni liegt nun hinter uns und mit ihm das viel zu k\u00fchle Wetter, das allerorten beklagt wurde, mir aber ganz gut zupass kam \u2013 schlechtes Wetter passt gut zum Schreiben am Schreibtisch, finde ich, und das machte ich im Juni ja auch vorrangig. Genau 62 Seiten (und damit zwei Seiten mehr, als ich mir vorgenommen hatte) meines neuen Jugendbuches mit dem vorl\u00e4ufigen Arbeitstitel \u201eDie f\u00fcnfte Ecke\u201c entstanden in den vergangenen Wochen, und damit liege ich gut im Plan. Sp\u00e4testens im Oktober will ich damit fertig sein, erscheinen wird der Roman, der mir trotz seines heftigen Themas \u2013 Jugendgewalt \u2013 extrem viel Spa\u00df macht, allerdings erst im Sommer 2017 \u2013 und zwar bei meinem fr\u00fcheren Stammverlag Oetinger, genauer gesagt: im Oetinger Taschenbuch Verlag.<\/p>\n<p>Wer die letzte Monatsbotin aufmerksam gelesen hat, dem ist sicher aufgefallen, dass ebenfalls bei Oetinger Taschenbuch im Sommer 2016 die \u00fcberarbeitete Neuausgabe meines ersten Kinderbuches \u201eEin Stern namens Mama\u201c erscheinen wird, gefolgt von \u201eUnd wenn schon!\u201c Beide B\u00fccher werden jeweils mit umfangreichem Lehrmaterial neuaufgelegt, weitere Neuausgaben sind in Planung.<\/p>\n<p>Begonnen hatte der Monat Juni zun\u00e4chst allerdings mit zwei Lesungen in Wuppertal, wo ich auf Einladung der Gleichstellungsstelle und des Frauenzentrums urania am 1. Juni abends im Haus der Jugend vor nicht ganz so jugendlichem Publikum aus \u201eLiebe macht Anders\u201c las, gefolgt von einer weiteren Lesung am n\u00e4chsten Morgen in der Else-Lasker-Sch\u00fcler-Gesamtschule vor gut 70 Acht- bis Zehntkl\u00e4sslern. Bis dahin war mir gar nicht bewusst gewesen, dass die charismatische Dichterin Else Lasker-Sch\u00fcler, deren Bildnis seit l\u00e4ngerem \u00fcber meinem Schreibtisch h\u00e4ngt (man munkelt ja, ich habe ihr als junge Frau sehr \u00e4hnlich gesehen), aus Wuppertal stammte. Die Gelegenheit m\u00f6chte ich aber nutzen, um mein Lieblingszitat vor ihr hier widerzugeben:<\/p>\n<p>\u201eIch sah mich doch am Fenster sitzend dichten. Ich sah sehr angegriffen aus. Mein zweites Ich hockt viel zu viel zu Haus.\u201c<\/p>\n<p>Hach, klingt das nicht wahrhaft dichterisch?<\/p>\n<p>Parallel zu der Arbeit an der \u201eF\u00fcnften Ecke\u201c lief nat\u00fcrlich der \u201eKreativ-Quickie\u201c weiter, und zudem lag die erste lektorierte Fassung meines neuen Kinderbuchs mit dem vorl\u00e4ufigen Arbeitstitel \u201eGemischtes Doppel\u201c vor. Das bedeutete, dass ich mich mehrere Tage lang wieder in die turbulente Geschichte um die beiden sehr unterschiedlichen, tanzw\u00fctigen Zwillinge Milla und Mika vertiefte, die Anmerkungen meiner Lektorin einarbeitete und den gesamten Test noch einmal \u00fcberarbeitete. P\u00fcnktlich zum ersten Juli schickte ich die neue Version wieder zur\u00fcck \u2013 in einigen Wochen folgt dann der zweite Durchgang. Erscheinen wird der Kinderroman im Kosmos Verlag im Januar kommenden Jahres.<\/p>\n<p>Die letzten Junitage allerdings verbrachte ich wieder einmal in der bei G\u00f6ttingen gelegenen Akademie Waldschl\u00f6sschen, wo ich im Rahmen des Bundesweiten Treffens f\u00fcr Frauen mit HIV und AIDS zum nunmehr zw\u00f6lften Mal einen Schreibworkshop leitete, diesmal unter dem Titel \u201eMein Leben mit HIV\u201c. Diese Arbeit ist mir seit Jahren ein besonderes Anliegen, und wieder einmal sind im Laufe der vier Tage zahlreiche spannende, traurige, interessante, lustige, vor allem aber ber\u00fchrende Texte entstanden, die das Leben mit einer immer noch stark stigmatisierten Infektion aus Innensicht beleuchten und damit dokumentieren.<\/p>\n<p>Anschlie\u00dfend reiste ich gleich weiter nach Kassel, um dort im Rahmen des diesj\u00e4hrigen CSD in der Buchhandlung Vogt vor vorwiegend m\u00e4nnlichem Publikum aus \u201eBronko, meine Frau Mutter und ich\u201c zu lesen. Eine Lesung mit Seltenheitswert, leider ohne Bronkos reales Vorbild, das mich dann in Berlin zuhause freudig wedelnd und mit schicker, kurzer Sommerfrisur erwartete!<\/p>\n<p><strong>Und was kommt?<\/strong><\/p>\n<p>Zun\u00e4chst einmal hoffentlich trotz Poststreiks das mir zugedachte Paket mit den Belegexemplaren meines n\u00e4chste Woche im Kosmos-Verlag erscheinenden Jugendromans \u201e<a href=\"http:\/\/www.kosmos.de\/produktdetail-1-1\/was_in_den_schatten_ruht-7800\/\" target=\"_blank\">Was in den Schatten ruht<\/a>\u201c! Auf das Buch, das \u00fcbrigens an einer Wasserskianlage im Emsland spielt \u2013 die Anlage in Schloss Dankern, an der ich liebend gern selbst Wasserski fahre, diente hier als Vorbild \u2013 und die Lesungen daraus freue ich mich schon jetzt sehr! Zumal ich am letzten Tag des Juni selbst zum ersten Mal wieder mit meinen schnittigen Wakeskiern aufs Wasser ging, f\u00fcr mich ein wahrhaft ultimatives Vergn\u00fcgen!<\/p>\n<p>So, und damit ist es mal wieder Zeit f\u00fcr eines der beliebten Preisr\u00e4tsel! Die Frage lautet: Um meine wievielte Buchver\u00f6ffentlichung handelt es sich bei \u201eWas in den Schatten ruht\u201c? Achtung: nur die Erstausgaben z\u00e4hlen (nicht etwa Neuauflagen oder Taschenbuchausgaben, schon gar nicht \u00dcbersetzungen)! Als Siegpr\u00e4mie winkt ein brandneues, signiertes Exemplar des Buches! Viel Spa\u00df beim Raten!<\/p>\n<p>Des weiteren wird \u201eDie f\u00fcnfte Ecke\u201c im hei\u00dfen Monat Juli um mindestens f\u00fcnfzig weitere Seiten gedeihen, noch dazu steht das Endlektorat von \u201eRosi und die Suffragetten\u201c an, des historischen Romans von Katharina M\u00fcller, der im Herbst im Querverlag erscheinen wird.<\/p>\n<p>Und vom 22. bis zum 26. Juli werde ich erneut in die Akademie Waldschl\u00f6sschen reisen, um zum vierten Mal bei der diesj\u00e4hrigen Sommerakademie einen Schreibworkshop zu leiten. Noch sind einige wenige Restpl\u00e4tze frei!<\/p>\n<p>Abbitte muss ich allerdings allen jenen leisten, die nun schon l\u00e4ngere Zeit auf die versprochenen H\u00f6rb\u00fccher, allen voran \u201eBronko, meine Frau Mutter und ich\u201c, warten \u2013 ich habe es noch nicht geschafft, damit zu beginnen, sie einzulesen. Und nun wird es erst September werden, bis ich dazu komme. Und auch f\u00fcr die Online-Workshops und die Lesungen steht eine zweimonatige Sommerpause an. Aber dann geht es mit frischem Schwung weiter!<\/p>\n<p><strong>Einen sch\u00f6nen, hei\u00dfen Juli\u00a0w\u00fcnscht Karen-Susan Fessel!<\/strong><\/p>\n<p><strong>\u00d6ffentliche Termine im<\/strong>\u00a0<strong>Juli<\/strong>:\u00a0 23.-26. Juli, Akademie Waldschl\u00f6sschen: Schreibworkshop im Rahmen der Sommerakademie; Anmeldung und Informationen\u00a0<a href=\"https:\/\/www.waldschloesschen.org\/de\/veranstaltungsdetails.html?va_nr=5691\" target=\"_blank\">hier!<\/a><\/p>\n<p><strong>Onlineworkshops<\/strong>: Der n\u00e4chste Kreativ-Quickie beginnt am 1. September \u2013 Anmeldung bereits jetzt m\u00f6glich! Weitere Informationen und Anmeldung auch f\u00fcr die Workshops \u201eMein Buch\u201c und \u201eBiografisches Schreiben\u201c (n\u00e4chster Termin f\u00fcr beide Workshops: Beginn 31. August) sowie Einzelcoaching unter\u00a0<a href=\"http:\/\/www.karen-susan-fessel.de\/seminare\">www.karen-susan-fessel.de\/seminare<\/a><\/p>\n<p>&nbsp;<\/p>\n","protected":false},"excerpt":{"rendered":"<p>Hier kommt die zweiundzwanzigste\u00a0Ausgabe der\u00a0Monatsbotin\u00a0von Karen-Susan Fessel \u2013 mit Notizen, Gedanken und Terminen vom Schreibtisch aus dem vierten Stock in Berlin-Kreuzberg! Wem sie gef\u00e4llt: liebend gern weiterempfehlen: \u00a0Eine kurze Mail mit dem Hinweis \u201eMonatsbotin gew\u00fcnscht\u201c an\u00a0kontakt@karen-susan-fessel.de\u00a0\u2013 und schon liegt sie Monat f\u00fcr Monat im virtuellen Briefkasten \u200b&#8230; &nbsp; Viel Spa\u00df beim Lesen w\u00fcnscht Karen-Susan Fessel! &hellip; <\/p>\n<p class=\"link-more\"><a href=\"http:\/\/www.karen-susan-fessel.de\/index.php\/die-monatsbotin-juli-2015-notizen-aus-dem-vierten-stock\/\" class=\"more-link\"><span class=\"screen-reader-text\">\u201eDie Monatsbotin Juli 2015 \/\/ Notizen aus dem vierten Stock\u201c <\/span>weiterlesen<\/a><\/p>\n","protected":false},"author":2,"featured_media":0,"comment_status":"closed","ping_status":"closed","sticky":false,"template":"","format":"standard","meta":{"footnotes":""},"categories":[1,3],"tags":[],"class_list":["post-931","post","type-post","status-publish","format-standard","hentry","category-allgemein","category-neues-vom-schreibtisch"],"_links":{"self":[{"href":"http:\/\/www.karen-susan-fessel.de\/index.php\/wp-json\/wp\/v2\/posts\/931","targetHints":{"allow":["GET"]}}],"collection":[{"href":"http:\/\/www.karen-susan-fessel.de\/index.php\/wp-json\/wp\/v2\/posts"}],"about":[{"href":"http:\/\/www.karen-susan-fessel.de\/index.php\/wp-json\/wp\/v2\/types\/post"}],"author":[{"embeddable":true,"href":"http:\/\/www.karen-susan-fessel.de\/index.php\/wp-json\/wp\/v2\/users\/2"}],"replies":[{"embeddable":true,"href":"http:\/\/www.karen-susan-fessel.de\/index.php\/wp-json\/wp\/v2\/comments?post=931"}],"version-history":[{"count":2,"href":"http:\/\/www.karen-susan-fessel.de\/index.php\/wp-json\/wp\/v2\/posts\/931\/revisions"}],"predecessor-version":[{"id":933,"href":"http:\/\/www.karen-susan-fessel.de\/index.php\/wp-json\/wp\/v2\/posts\/931\/revisions\/933"}],"wp:attachment":[{"href":"http:\/\/www.karen-susan-fessel.de\/index.php\/wp-json\/wp\/v2\/media?parent=931"}],"wp:term":[{"taxonomy":"category","embeddable":true,"href":"http:\/\/www.karen-susan-fessel.de\/index.php\/wp-json\/wp\/v2\/categories?post=931"},{"taxonomy":"post_tag","embeddable":true,"href":"http:\/\/www.karen-susan-fessel.de\/index.php\/wp-json\/wp\/v2\/tags?post=931"}],"curies":[{"name":"wp","href":"https:\/\/api.w.org\/{rel}","templated":true}]}}