{"id":1010,"date":"2016-04-01T18:14:39","date_gmt":"2016-04-01T16:14:39","guid":{"rendered":"http:\/\/www.karen-susan-fessel.de\/?p=1010"},"modified":"2017-01-16T14:59:15","modified_gmt":"2017-01-16T12:59:15","slug":"die-monatsbotin-april-2016-notizen-aus-dem-vierten-stock","status":"publish","type":"post","link":"https:\/\/www.karen-susan-fessel.de\/index.php\/die-monatsbotin-april-2016-notizen-aus-dem-vierten-stock\/","title":{"rendered":"Die Monatsbotin April 2016 \/\/ Notizen aus dem vierten Stock"},"content":{"rendered":"<p><strong>Hier kommt die einunddrei\u00dfigste\u00a0Ausgabe der\u00a0Monatsbotin\u00a0von Karen-Susan Fessel \u2013 mit Notizen, Gedanken und Terminen vom Schreibtisch aus dem vierten Stock in Berlin-Kreuzberg!<\/strong><\/p>\n<p>Wem sie gef\u00e4llt: liebend gern weiterempfehlen: \u00a0Eine kurze Mail mit dem Hinweis \u201eMonatsbotin gew\u00fcnscht\u201c an\u00a0<a href=\"mailto:kontakt@karen-susan-fessel.de\">kontakt@karen-susan-fessel.de<\/a>\u00a0\u2013 und schon liegt sie Monat f\u00fcr Monat im virtuellen Briefkasten \u200b&#8230;<\/p>\n<p><strong>Viel Spa\u00df beim Lesen w\u00fcnscht Karen-Susan Fessel!<\/strong><\/p>\n<p><strong>Was war?<\/strong><\/p>\n<p>Der M\u00e4rz ist klassischerweise der Premierenmonat f\u00fcr die Fr\u00fchjahrsb\u00fccher \u2013 die dann auf der Leipziger Buchmesse vorgestellt werden. Diese fand in diesem Jahr in der Monatsmitte statt, und zu meiner Freude hatte ich gleich zweimal das Vergn\u00fcgen, mein neues Kinderbuches \u201e<a href=\"http:\/\/www.kosmos.de\/produktdetail-1-1\/hip_hop_hund_und_herzgehuepfe_mein_leben_als_zwilling-7978\/\" target=\"_blank\">Hip-Hop, Hund und Herzgeh\u00fcpfe<\/a>\u201c (Kosmos, ab 10) dem interessierten Lesepublikum in der Lesebude 1 auf dem Messegel\u00e4nde zu pr\u00e4sentieren. Am Samstag, dem 19., reiste ich mit dem Zug an und wieder ab, am Sonntag, dem 20., mit dem Auto und in liebreizender Begleitung: Lebensgef\u00e4hrtin und Sohn im passenden Alter waren mit von der Partie. Und waren prompt auch ein bisschen beeindruckt von der begeisterten Zuh\u00f6rerschar und dem anschlie\u00dfenden Kaufrausch: alle zwanzig Messeexemplare (mehr d\u00fcrfen auf der Messe nach einer Lesung nicht verkauft werden, um keine Staus zu provozieren) wurden in Windeseile verkauft, und zwar an vier Knaben und zw\u00f6lf M\u00e4dchen zwischen neun und zw\u00f6lf Jahren, zwei M\u00fctter, einen Vater und eine Gro\u00dfmutter. Das wei\u00df ich, weil ich sie alle danach gefragt habe \u2026 Spa\u00df hat das gemacht, desgleichen die Lesung am Vortag. Bei der ich nicht nur das Vergn\u00fcgen hatte, von der Pressechefin des Verlages, Silke Ruoff, charmant vorgestellt und von ihrer Mitarbeiterin Vanessa Ludwig vorteilhaft fotografiert zu werden, sondern ich lernte zudem noch endlich einmal Katrin H\u00f6fer pers\u00f6nlich kennen, deren spannende Firmen- und Familiengeschichte \u201e<a href=\"http:\/\/www.fritzglock.de\/de\/unternehmen\/aktuelles\/eintrag\/article\/fritzglock-fenstergeschichten.html\" target=\"_blank\">Fenstergeschichten. FritzGlock<\/a>\u201c ich im letzten Jahr lektoriert hatte. Ein sehr sch\u00f6nes Buch ist draus geworden!<\/p>\n<p>Die eigentliche Premiere von \u201eHip-Hop, Hund und Herzgeh\u00fcpfe\u201c hatte ich jedoch schon einige Tage zuvor in der Astrid-Lindgren-Schule in Falkenberg\/Elster, wo ich am 16. M\u00e4rz die Reaktionen der F\u00fcnft- und Sechstkl\u00e4ssler testen durfte. Mit durchweg positiver Resonanz zum Gl\u00fcck!<\/p>\n<p>Und dazwischen ging es am 18. f\u00fcr mich in die Zentralbibliothek Tempelhof-Sch\u00f6neberg, als Mitglied der Jury zur Bezirksausscheidung des Vorlesewettbewerbs der 6. Klassen. Vier junge Damen traten an, Gewinnerin mit hauchd\u00fcnnem Vorsprung:\u00a0Marta Westerholt\u00a0von der Fl\u00e4ming-Grundschule, mit dem Buch \u201eThe school \u00a0for good and evil\u201c\u00a0 von Soman Chainani. Welches \u00fcbrigens das S\u00f6hnchen auch gerade liest. So schlie\u00dfen sich die Kreise \u2026<\/p>\n<p>Das war es auch schon mit den Veranstaltungen in diesem Monat, denn schreiben musste ich ja schlie\u00dflich auch noch. Zuallererst mein privates Romanprojekt, das ich in diesem Monat dann in der Rohfassung zu Ende bringen m\u00f6chte, aber auch einige weitere Texte und Expos\u00e9s. Und auf Trab gehalten haben mich noch dazu die Onlineworkshops und Schreibcoachings. Die nun wiederum so viel Zeit in Anspruch nehmen, dass ich die Einsteigezeiten reduzieren musste: beim Kreativ-Quickie ist ein Einstieg nur noch zum Monatsanfang m\u00f6glich, das n\u00e4chste Mal am 2. April.<\/p>\n<p>P\u00fcnktlich zum Monatsende \u00fcbrigens lag gestern dann auch mein letztes umfangreiches Fremdlektorat auf dem Tisch: \u201e<a href=\"http:\/\/www.randomhouse.de\/Buch\/Abenteuer-Vertrauen\/Maike-Maja-Nowak\/e452146.rhd\" target=\"_blank\">Abenteuer Vertrauen<\/a>\u201c von Maike Maja Nowak, frisch erschienen im Mosaik Verlag, ein Muss nicht nur f\u00fcr Hundefans \u2026<\/p>\n<p><strong>Und was kommt?<\/strong><\/p>\n<p>Neben den weiter laufenden Workshops nat\u00fcrlich der Rest meines privaten Romanprojektes. Und dann stehen die n\u00e4chsten Lesungen aus \u201eHip-Hop, Hund und Herzgeh\u00fcpfe\u201c an: am 13. April in der Zentral- und Landesbibliothek um die Ecke, der fr\u00fcheren AGB, dann am 20. in in der Michael-Ende-Bibliothek in Pankow und am n\u00e4chsten Tag wiederum in der Grundschule Menschenskinder in Sch\u00f6nwalde-Glien, wo vermutlich wieder meine Lieblingsblumen, die Buschwindr\u00f6schen, in rauen Mengen im nahegelegenen W\u00e4ldchen bl\u00fchen. Auf den anschlie\u00dfenden Spaziergang mit Hund Luki freue ich mich jetzt schon!<\/p>\n<p>F\u00fcr Teenager und Erwachsene gibt es auch noch eine kurzfristige Veranstaltung im April: Am 15. lese ich ab 19h erstmalig im Schwulen Museum Ausz\u00fcge aus verschiedenen B\u00fcchern und diskutieren mit weiteren Autoren und Fachleuten zum Thema \u201eJung und LSBTI* heute\u201c. Wer genauer wissen m\u00f6chte, was das nun bedeuten soll: hier klicken!<\/p>\n<p><strong>Einen wechselhaften April\u00a0w\u00fcnscht Karen-Susan Fessel!<\/strong><\/p>\n<p><strong>\u00d6ffentliche Termine im<\/strong>\u00a0<strong>M\u00e4rz<\/strong>:\u00a015. April, Berlin, <a href=\"http:\/\/www.schwulesmuseum.de\/aktuell\/\" target=\"_blank\">Schwules Museum<\/a>, L\u00fctzowstr. 73, 10785 Berlin, 19h: Kurzlesungen und Diskussion zum Thema \u201eJung und LSBTI* heute\u201c<\/p>\n<p><strong>Onlineworkshops<\/strong>: Informationen und Anmeldung f\u00fcr die Workshops \u201eKreativ-Quickie\u201c, \u201eMein Buch\u201c und \u201eBiografisches Schreiben\u201c sowie Einzelcoaching unter\u00a0<a href=\"http:\/\/www.karen-susan-fessel.de\/seminare\">www.karen-susan-fessel.de\/seminare<\/a><\/p>\n<p><strong>Ausgelesen<\/strong>: <em>Ruth Kl\u00fcger: unterwegs verloren. Erinnerungen <\/em>\/ Die Fortsetzung der in der letzten Monatsbotin besprochenen Kindheits- und Jugenderinnerungen \u201eweiter leben\u201c, nicht minder eindringlich, ungemein spannend. Besonders begeistert hat mich Kl\u00fcgers wahrlich kluger Blick auf die fr\u00fchen Tage der Emanzipation und ihre feministische Weit- und Weltsicht. Ein feines Buch, das ich sicherlich mehrfach wieder lesen werde! \/\/ <em>Wolfgang Benz u. a. (Hg.): Die Kindertransporte 1938\/39<\/em> \/ Nein, noch bin ich nicht durch mit den Themen aus dem Nationalsozialismus: Im M\u00e4rz besch\u00e4ftigte ich mich literarisch mit dem Teilaspekt der Kindertransporte nach England, mit denen um die 10.000 j\u00fcdische Kinder aus Mitteleuropa, vorrangig Deutschland, \u00d6sterreich und Tschechien, nach England emigrieren konnten und damit gerettet wurden, um dem Preis vielf\u00e4ltiger Traumata. Dieses fundierte Sachbuch zeigt gut lesbar diverse Aspekte dazu auf und informiert gr\u00fcndlichst. \/\/ <em>Karen Gershon: Wir kamen als Kinder.<\/em> \/ Diese Sammlung von anonymisierten Stimmen und Erfahrungsberichten ist nur noch antiquarisch erh\u00e4ltlich und ein engagierter und einigerma\u00dfen gelungener Versuch, die Geschichten und Gef\u00fchle der geretteten Kinder und Jugendlichen zu veranschaulichen. Die Autorin versuchte, auf diese Weise eine Art \u201eGespr\u00e4ch\u201c zu erschaffen; mir pers\u00f6nlich aber w\u00e4re eine Sammlung von nicht anonymisierten Stimmen lieber gewesen \u2013 ich w\u00fcsste doch immer gern, mit wem ich eigentlich spreche \u2026 \/\/ <em>Anja Salewsky: Der olle Hitler soll sterben<\/em>!<em> \u2013 Erinnerungen an den j\u00fcdischen Kindertransport nach England <\/em>\/ Absolut \u00fcberzeugend aber hingegen der einzige andere auf deutsch \u2013 allerdings ebenso nur noch antiquarisch &#8211; erh\u00e4ltliche Bericht \u00fcber elf gerettete Kinder und Jugendliche. Die wunderbar packend erz\u00e4hlten Lebensgeschichten haben mich in den Bann gezogen und zwei halbe N\u00e4chte Schlaf gekostet. Die Autorin h\u00e4tte daf\u00fcr nicht nur einen Preis verdient \u2013 und der Verlag f\u00fcr die fehlerfreie Edition! \/\/ <em>William Sutcliffe: Auf der anderen Seite.<\/em> \/ Dies Jugendbuch, das im vorigen Jahr auf der Liste der Jugendjury zum deutschen Jugendliteraturpreis stand, hat mich hingegen nicht nur entt\u00e4uscht, sondern geradezu ange\u00f6det. Das spannende Thema \u2013 j\u00fcdischer Junge aus orthodoxer Siedlung ger\u00e4t durch Zufall ins Pal\u00e4stinensergebiet \u2013 wurde in einer derart durchsichtig durchkonstruierten Handlung so langatmig aufbereitet, dass ich von diesem Autor in Zukunft kein Buch mehr lesen werde. Da half auch das \u00fcberraschende Ende nicht weiter.<\/p>\n<p>&nbsp;<\/p>\n","protected":false},"excerpt":{"rendered":"<p>Hier kommt die einunddrei\u00dfigste\u00a0Ausgabe der\u00a0Monatsbotin\u00a0von Karen-Susan Fessel \u2013 mit Notizen, Gedanken und Terminen vom Schreibtisch aus dem vierten Stock in Berlin-Kreuzberg! Wem sie gef\u00e4llt: liebend gern weiterempfehlen: \u00a0Eine kurze Mail mit dem Hinweis \u201eMonatsbotin gew\u00fcnscht\u201c an\u00a0kontakt@karen-susan-fessel.de\u00a0\u2013 und schon liegt sie Monat f\u00fcr Monat im virtuellen Briefkasten \u200b&#8230; Viel Spa\u00df beim Lesen w\u00fcnscht Karen-Susan Fessel! Was &hellip; <\/p>\n<p class=\"link-more\"><a href=\"https:\/\/www.karen-susan-fessel.de\/index.php\/die-monatsbotin-april-2016-notizen-aus-dem-vierten-stock\/\" class=\"more-link\"><span class=\"screen-reader-text\">\u201eDie Monatsbotin April 2016 \/\/ Notizen aus dem vierten Stock\u201c <\/span>weiterlesen<\/a><\/p>\n","protected":false},"author":2,"featured_media":0,"comment_status":"closed","ping_status":"closed","sticky":false,"template":"","format":"standard","meta":{"footnotes":""},"categories":[1,3],"tags":[],"class_list":["post-1010","post","type-post","status-publish","format-standard","hentry","category-allgemein","category-neues-vom-schreibtisch"],"_links":{"self":[{"href":"https:\/\/www.karen-susan-fessel.de\/index.php\/wp-json\/wp\/v2\/posts\/1010","targetHints":{"allow":["GET"]}}],"collection":[{"href":"https:\/\/www.karen-susan-fessel.de\/index.php\/wp-json\/wp\/v2\/posts"}],"about":[{"href":"https:\/\/www.karen-susan-fessel.de\/index.php\/wp-json\/wp\/v2\/types\/post"}],"author":[{"embeddable":true,"href":"https:\/\/www.karen-susan-fessel.de\/index.php\/wp-json\/wp\/v2\/users\/2"}],"replies":[{"embeddable":true,"href":"https:\/\/www.karen-susan-fessel.de\/index.php\/wp-json\/wp\/v2\/comments?post=1010"}],"version-history":[{"count":5,"href":"https:\/\/www.karen-susan-fessel.de\/index.php\/wp-json\/wp\/v2\/posts\/1010\/revisions"}],"predecessor-version":[{"id":1023,"href":"https:\/\/www.karen-susan-fessel.de\/index.php\/wp-json\/wp\/v2\/posts\/1010\/revisions\/1023"}],"wp:attachment":[{"href":"https:\/\/www.karen-susan-fessel.de\/index.php\/wp-json\/wp\/v2\/media?parent=1010"}],"wp:term":[{"taxonomy":"category","embeddable":true,"href":"https:\/\/www.karen-susan-fessel.de\/index.php\/wp-json\/wp\/v2\/categories?post=1010"},{"taxonomy":"post_tag","embeddable":true,"href":"https:\/\/www.karen-susan-fessel.de\/index.php\/wp-json\/wp\/v2\/tags?post=1010"}],"curies":[{"name":"wp","href":"https:\/\/api.w.org\/{rel}","templated":true}]}}