{"id":1129,"date":"2017-01-01T19:45:52","date_gmt":"2017-01-01T17:45:52","guid":{"rendered":"http:\/\/www.karen-susan-fessel.de\/?p=1129"},"modified":"2017-01-01T19:46:52","modified_gmt":"2017-01-01T17:46:52","slug":"die-monatsbotin-januar-2017-notizen-aus-dem-vierten-stock","status":"publish","type":"post","link":"https:\/\/www.karen-susan-fessel.de\/index.php\/die-monatsbotin-januar-2017-notizen-aus-dem-vierten-stock\/","title":{"rendered":"Die Monatsbotin Januar 2017 \/\/ Notizen aus dem vierten Stock"},"content":{"rendered":"<p><strong>Hier kommt die neununddrei\u00dfigste\u00a0Ausgabe der\u00a0Monatsbotin\u00a0von Karen-Susan Fessel \u2013 mit Notizen, Gedanken und Terminen vom Schreibtisch aus dem vierten Stock in Berlin-Kreuzberg!<\/strong><\/p>\n<p>Wem sie gef\u00e4llt: liebend gern weiterempfehlen: \u00a0Eine kurze Mail mit dem Hinweis \u201eMonatsbotin gew\u00fcnscht\u201c an\u00a0<a href=\"mailto:kontakt@karen-susan-fessel.de\">kontakt@karen-susan-fessel.de<\/a>\u00a0\u2013 und schon liegt sie Monat f\u00fcr Monat im virtuellen Briefkasten &#8230;<\/p>\n<p><strong>Viel Spa\u00df beim Lesen w\u00fcnscht Karen-Susan Fessel!<\/strong><\/p>\n<p><strong>Was war?<\/strong><\/p>\n<p>Ein nur wenig geruhsamer und besinnlicher Monat Dezember liegt nun hinter mir &#8211;\u00a0zun\u00e4chst war ich noch in den ersten beiden Wochen mit den beiden letzten Lektoraten des Jahres besch\u00e4ftigt, und auch der Dezember-Kreativ-Quickie stand noch an. Dann folgte mein Geburtstag, und mit Spannung erwartete ich die Beitr\u00e4ge f\u00fcrs Weihnachtsr\u00e4tsel &#8211; aber nur zwei zu pr\u00e4mierende Eintr\u00e4ge fanden sich auf meiner Website! Stephanie H. aus Mannheim und Verena S. aus Velten wurden f\u00fcr ihre netten Gl\u00fcckw\u00fcnsche mit einer signierten Ausgabe von &#8222;Nur die Besten!&#8220; belohnt. Ob wohl niemand wusste, wann genau ich nun Geburtstag habe? Aber dagegen sprechen doch dann die vielen, vielen Gl\u00fcckw\u00fcnsche auf meiner Facebookseite &#8230;<\/p>\n<p>Nun denn: Am 15. Dezember bin ich also nun 52 Jahre alt geworden und habe an ebenjenem Tag entdeckt, dass ich mein Schlafzimmer wider Erwarten gar \u00a0nicht allein bewohne. Nein, denn im B\u00fccherregal neben dem Bett hausen mindestens ein, vermutlich aber mehrere interessante Gesch\u00f6pfe, die man gemeinhin nie zu Gesicht bekommt, die aber zu Hauf in europ\u00e4ischen Haushalten leben, vorrangig in staubigen Akten oder alten B\u00fcchern, wo sie sich\u00a0von Staubl\u00e4usen und Hausstaubmilben ern\u00e4hren. Ja, genau, ich meine den B\u00fccherskorpion, von dessen Existenz ich bis zu jenem Tag, an dem meine Freundin I. ins Regal bohrte, um ein neues Schloss f\u00fcr meine Geheimschublade zu befestigen, nichts ahnte. Ein Exemplar verlor, vermutlich durch die Ersch\u00fctterung, den Halt und fiel mir sozusagen in die H\u00e4nde.\u00a0Ich muss gestehen, seither sehe ich meine Umgebung wieder einmal mit ganz anderen Augen &#8230;<\/p>\n<p><img decoding=\"async\" src=\"https:\/\/upload.wikimedia.org\/wikipedia\/commons\/thumb\/d\/de\/CheliferCancroides1.jpg\/300px-CheliferCancroides1.jpg\" alt=\"B\u00fccherskorpion (Chelifer cancroides)\" \/><\/p>\n<p>Danach folgten einige Reisen durch die Republik aus privatem Anlass und am Ende dann die Kakophonie der Feiertage, stets umringt von vielen mir sehr lieben Menschen, gekr\u00f6nt vom gestrigen feuchtfr\u00f6hlichen Rutsch ins neue Jahr 2017.<\/p>\n<p><strong>Und was kommt?<\/strong><\/p>\n<p>Der kalte Januar nat\u00fcrlich und ein Ende der Feierei. Zun\u00e4chst werde ich das liebe M\u00fctterlein wieder heim nach Meppen an der Ems transportieren, dann geht es ans Ausr\u00e4umen der heimischen K\u00fcche, denn die wird mit einem neuen Fu\u00dfboden versehen. Nach dem Einr\u00e4umen steht dann auch schon die erste Lesereise des Jahres an, wie so oft in die sch\u00f6ne Schweiz, wo ich vom 22. bis zum 28. Januar im Kanton Z\u00fcrich auf Einladung des Volksschulamtes wieder einmal Z\u00fcrcher Sch\u00fcler*innen mit Lesungen aus meinen Werken und &#8211; eine Neuheit! &#8211; auch zwei Workshops hoffentlich erfreuen und motivieren werde. \u00a0Und dann, ja dann &#8230; geht es bald auch schon wieder an die literarische Arbeit!<\/p>\n<p><strong>Einen entspannten Januar und einen guten Start ins neue Jahr w\u00fcnscht Karen-Susan Fessel!<\/strong><\/p>\n<p><strong>\u00d6ffentliche Termine im<\/strong>\u00a0<span style=\"color: #000000;\"><b>Januar<\/b><\/span><b><\/b>:\u00a0Leider keine \u00f6ffentlichen Termine in diesem Monat!<\/p>\n<p><strong>Onlineworkshops<\/strong>: Die neue Kreativ-Quickies starten am 5. Januar und 6. Februar- Informationen und Anmeldung auch f\u00fcr die weiteren \u00a0Workshops \u201eMein Buch\u201c und \u201eBiografisches Schreiben\u201c sowie Einzelcoaching unter\u00a0<a href=\"http:\/\/www.karen-susan-fessel.de\/seminare\">www.karen-susan-fessel.de\/seminare<\/a><\/p>\n<p><strong>Ausgelesen<\/strong>: \u00a0 <em>Erika Fatland: Ort der Engel. Die Trag\u00f6die von Beslan und ihre Folgen.\u00a0<\/em>\u00a0\/ Dieses Werk der preisgekr\u00f6nten norwegischen Journalistin fehlte mir noch in meiner Sammlung &#8211; nun habe ich alle ihre auf deutsch erschienen Werke gelesen und freue mich auf weitere B\u00fccher von ihr, denn Fatland besticht nicht nur durch ihre klare, dennoch literarische Sprache, sondern vor allem durch ihren humanistischen Rechercheansatz. Dennoch: Die Geiselnahme in der Schule Nr. 1 von Beslan, jener nordossetischen Kleinstadt, in der am 1. September 2004 333 Menschen, darunter 186 Kinder, bei einer Geiselnahme den Tod fanden, bleibt unfassbar und ergr\u00fcndet. Genau wie die Wurzeln des Terrors generell, der uns in diesen Monaten besonders besch\u00e4ftigt und sicher noch lange besch\u00e4ftigen wird.<\/p>\n","protected":false},"excerpt":{"rendered":"<p>Hier kommt die neununddrei\u00dfigste\u00a0Ausgabe der\u00a0Monatsbotin\u00a0von Karen-Susan Fessel \u2013 mit Notizen, Gedanken und Terminen vom Schreibtisch aus dem vierten Stock in Berlin-Kreuzberg! Wem sie gef\u00e4llt: liebend gern weiterempfehlen: \u00a0Eine kurze Mail mit dem Hinweis \u201eMonatsbotin gew\u00fcnscht\u201c an\u00a0kontakt@karen-susan-fessel.de\u00a0\u2013 und schon liegt sie Monat f\u00fcr Monat im virtuellen Briefkasten &#8230; Viel Spa\u00df beim Lesen w\u00fcnscht Karen-Susan Fessel! Was &hellip; <\/p>\n<p class=\"link-more\"><a href=\"https:\/\/www.karen-susan-fessel.de\/index.php\/die-monatsbotin-januar-2017-notizen-aus-dem-vierten-stock\/\" class=\"more-link\"><span class=\"screen-reader-text\">\u201eDie Monatsbotin Januar 2017 \/\/ Notizen aus dem vierten Stock\u201c <\/span>weiterlesen<\/a><\/p>\n","protected":false},"author":2,"featured_media":0,"comment_status":"open","ping_status":"open","sticky":false,"template":"","format":"standard","meta":{"footnotes":""},"categories":[1,3],"tags":[],"class_list":["post-1129","post","type-post","status-publish","format-standard","hentry","category-allgemein","category-neues-vom-schreibtisch"],"_links":{"self":[{"href":"https:\/\/www.karen-susan-fessel.de\/index.php\/wp-json\/wp\/v2\/posts\/1129","targetHints":{"allow":["GET"]}}],"collection":[{"href":"https:\/\/www.karen-susan-fessel.de\/index.php\/wp-json\/wp\/v2\/posts"}],"about":[{"href":"https:\/\/www.karen-susan-fessel.de\/index.php\/wp-json\/wp\/v2\/types\/post"}],"author":[{"embeddable":true,"href":"https:\/\/www.karen-susan-fessel.de\/index.php\/wp-json\/wp\/v2\/users\/2"}],"replies":[{"embeddable":true,"href":"https:\/\/www.karen-susan-fessel.de\/index.php\/wp-json\/wp\/v2\/comments?post=1129"}],"version-history":[{"count":5,"href":"https:\/\/www.karen-susan-fessel.de\/index.php\/wp-json\/wp\/v2\/posts\/1129\/revisions"}],"predecessor-version":[{"id":1172,"href":"https:\/\/www.karen-susan-fessel.de\/index.php\/wp-json\/wp\/v2\/posts\/1129\/revisions\/1172"}],"wp:attachment":[{"href":"https:\/\/www.karen-susan-fessel.de\/index.php\/wp-json\/wp\/v2\/media?parent=1129"}],"wp:term":[{"taxonomy":"category","embeddable":true,"href":"https:\/\/www.karen-susan-fessel.de\/index.php\/wp-json\/wp\/v2\/categories?post=1129"},{"taxonomy":"post_tag","embeddable":true,"href":"https:\/\/www.karen-susan-fessel.de\/index.php\/wp-json\/wp\/v2\/tags?post=1129"}],"curies":[{"name":"wp","href":"https:\/\/api.w.org\/{rel}","templated":true}]}}