{"id":1183,"date":"2017-02-28T13:53:12","date_gmt":"2017-02-28T11:53:12","guid":{"rendered":"http:\/\/www.karen-susan-fessel.de\/?p=1183"},"modified":"2017-02-28T13:53:12","modified_gmt":"2017-02-28T11:53:12","slug":"neues-kinderbuch-frieda-fricke-unmoeglich","status":"publish","type":"post","link":"https:\/\/www.karen-susan-fessel.de\/index.php\/neues-kinderbuch-frieda-fricke-unmoeglich\/","title":{"rendered":"Neues Kinderbuch: &#8222;Frieda Fricke, unm\u00f6glich!&#8220;"},"content":{"rendered":"<p>Endlich ist es erschienen &#8211; mein neues Kinderbuch ab 8 Jahren: &#8222;Frieda Fricke unm\u00f6glich&#8220; &#8211; mit vielen feinen Zeichnungen von Mareikje Vogler (Kosmos Verlag).<img loading=\"lazy\" decoding=\"async\" class=\"alignnone size-medium wp-image-1185\" src=\"http:\/\/www.karen-susan-fessel.de\/wp-content\/uploads\/Cover-Frieda-210x300.gif\" alt=\"\" width=\"210\" height=\"300\" srcset=\"https:\/\/www.karen-susan-fessel.de\/wp-content\/uploads\/Cover-Frieda-210x300.gif 210w, https:\/\/www.karen-susan-fessel.de\/wp-content\/uploads\/Cover-Frieda-768x1098.gif 768w, https:\/\/www.karen-susan-fessel.de\/wp-content\/uploads\/Cover-Frieda-716x1024.gif 716w\" sizes=\"auto, (max-width: 210px) 100vw, 210px\" \/>\u00a0Spielt in meiner alten Heimat Schleswig-Holstein und handelt von frechen M\u00e4dchen, Jungs mit Segelohren, eingebildeten Gro\u00dfbauernt\u00f6chtern und alten K\u00fchen &#8211; f\u00fcr die es wohl dringend ein Altersheim geben muss &#8230; aber nicht nur f\u00fcr die &#8230;<br \/>\n<a href=\"https:\/\/www.kosmos.de\/buecher\/kinder-jugendbuch\/kinderbuch\/8214\/frieda-fricke-unmoeglich\" target=\"_blank\" rel=\"nofollow noopener\">https:\/\/www.kosmos.de\/\u2026\/kinde\u2026\/8214\/frieda-fricke-unmoeglich<\/a><\/p>\n","protected":false},"excerpt":{"rendered":"<p>Endlich ist es erschienen &#8211; mein neues Kinderbuch ab 8 Jahren: &#8222;Frieda Fricke unm\u00f6glich&#8220; &#8211; mit vielen feinen Zeichnungen von Mareikje Vogler (Kosmos Verlag).\u00a0Spielt in meiner alten Heimat Schleswig-Holstein und handelt von frechen M\u00e4dchen, Jungs mit Segelohren, eingebildeten Gro\u00dfbauernt\u00f6chtern und alten K\u00fchen &#8211; f\u00fcr die es wohl dringend ein Altersheim geben muss &#8230; aber nicht &hellip; <\/p>\n<p class=\"link-more\"><a href=\"https:\/\/www.karen-susan-fessel.de\/index.php\/neues-kinderbuch-frieda-fricke-unmoeglich\/\" class=\"more-link\"><span class=\"screen-reader-text\">\u201eNeues Kinderbuch: &#8222;Frieda Fricke, unm\u00f6glich!&#8220;\u201c <\/span>weiterlesen<\/a><\/p>\n","protected":false},"author":2,"featured_media":0,"comment_status":"open","ping_status":"open","sticky":false,"template":"","format":"standard","meta":{"footnotes":""},"categories":[1,3],"tags":[],"class_list":["post-1183","post","type-post","status-publish","format-standard","hentry","category-allgemein","category-neues-vom-schreibtisch"],"_links":{"self":[{"href":"https:\/\/www.karen-susan-fessel.de\/index.php\/wp-json\/wp\/v2\/posts\/1183","targetHints":{"allow":["GET"]}}],"collection":[{"href":"https:\/\/www.karen-susan-fessel.de\/index.php\/wp-json\/wp\/v2\/posts"}],"about":[{"href":"https:\/\/www.karen-susan-fessel.de\/index.php\/wp-json\/wp\/v2\/types\/post"}],"author":[{"embeddable":true,"href":"https:\/\/www.karen-susan-fessel.de\/index.php\/wp-json\/wp\/v2\/users\/2"}],"replies":[{"embeddable":true,"href":"https:\/\/www.karen-susan-fessel.de\/index.php\/wp-json\/wp\/v2\/comments?post=1183"}],"version-history":[{"count":3,"href":"https:\/\/www.karen-susan-fessel.de\/index.php\/wp-json\/wp\/v2\/posts\/1183\/revisions"}],"predecessor-version":[{"id":1187,"href":"https:\/\/www.karen-susan-fessel.de\/index.php\/wp-json\/wp\/v2\/posts\/1183\/revisions\/1187"}],"wp:attachment":[{"href":"https:\/\/www.karen-susan-fessel.de\/index.php\/wp-json\/wp\/v2\/media?parent=1183"}],"wp:term":[{"taxonomy":"category","embeddable":true,"href":"https:\/\/www.karen-susan-fessel.de\/index.php\/wp-json\/wp\/v2\/categories?post=1183"},{"taxonomy":"post_tag","embeddable":true,"href":"https:\/\/www.karen-susan-fessel.de\/index.php\/wp-json\/wp\/v2\/tags?post=1183"}],"curies":[{"name":"wp","href":"https:\/\/api.w.org\/{rel}","templated":true}]}}