{"id":1206,"date":"2017-03-31T20:53:13","date_gmt":"2017-03-31T18:53:13","guid":{"rendered":"http:\/\/www.karen-susan-fessel.de\/?p=1206"},"modified":"2017-04-03T19:23:47","modified_gmt":"2017-04-03T17:23:47","slug":"die-monatsbotin-april-2017-notizen-aus-dem-vierten-stock","status":"publish","type":"post","link":"https:\/\/www.karen-susan-fessel.de\/index.php\/die-monatsbotin-april-2017-notizen-aus-dem-vierten-stock\/","title":{"rendered":"Die Monatsbotin April 2017 \/\/ Notizen aus dem vierten Stock"},"content":{"rendered":"<p><strong>Hier kommt die zweiundvierzigste Ausgabe der\u00a0Monatsbotin\u00a0von Karen-Susan Fessel \u2013 mit Notizen, Gedanken und Terminen vom Schreibtisch aus dem vierten Stock in Berlin-Kreuzberg!<\/strong><\/p>\n<p>Wem sie gef\u00e4llt: liebend gern weiterempfehlen: \u00a0Eine kurze Mail mit dem Hinweis \u201eMonatsbotin gew\u00fcnscht\u201c an\u00a0<a href=\"mailto:kontakt@karen-susan-fessel.de\">kontakt@karen-susan-fessel.de<\/a>\u00a0\u2013 und schon liegt sie Monat f\u00fcr Monat im virtuellen Briefkasten &#8230;<\/p>\n<p><strong>Viel Spa\u00df beim Lesen w\u00fcnscht Karen-Susan Fessel!<\/strong><\/p>\n<p><strong>Was war?<\/strong><\/p>\n<p>Ein turbulenter Monat M\u00e4rz mit H\u00f6hen und Tiefen geht zu Ende &#8211; und wieder einmal ein Beweis daf\u00fcr, dass mein Beruf so ganz und gar nicht langweilig ist. Stattdessen h\u00f6chst abwechslungsreich: Begonnen hat der Monat mit einem Schreibworkshop vom 3. bis 5. M\u00e4rz auf Einladung der Stiftung &#8222;Lola f\u00fcr Demokratie in Mecklenburg-Vorpommern&#8220; in Ostseeseminarhaus in B\u00fcttelkow unweit der mecklenburgischen Ostseek\u00fcste. Dreizehn Teilnehmer*innen waren angereist, um Texte zu verfassen, die das queere Leben in ihrem Bundesland thematisierten. Die daraus entstandene Brosch\u00fcre ist fast fertig und demn\u00e4chst erh\u00e4ltlich, unter anderem auch im Rahmen einer geplanten Wanderausstellung zum Thema\u00a0<a href=\"http:\/\/www.un-sichtbar-mv.de\/\">un_sichtbar<\/a>: Lesben, Schwule und Trans* in Mecklenburg-Vorpommern \u2013 Lebensrealit\u00e4ten, Ausgrenzungserfahrungen und Widerst\u00e4ndigkeiten.<\/p>\n<p>Neben der von mir lektorierten Brosch\u00fcre standen noch zwei weitere Lektorate an, dann aber wandte ich mich wieder den j\u00fcngeren Leser*innen zu, und das gleich mit zwei dicht aufeinanderfolgenden Premieren: Am 21. M\u00e4rz las ich aus meinem brandneu in den n\u00e4chsten Tagen erscheinenden Jugendbuch &#8222;Alles ist echt&#8220; (Oetinger Taschenbuch) in der Janusz-Korczak-Bibliothek Pankow vor Achtkl\u00e4ssler*nnen des Rosa-Luxemburg-Gymnasium &#8211; ein Testlauf, der bestens verlief, auch wenn ich im nagelneuen Buch erstmal die richtigen Seiten suchen musste.<\/p>\n<p>&#8222;Alles ist echt&#8220; erz\u00e4hlt von vier<img loading=\"lazy\" decoding=\"async\" class=\"alignnone size-medium wp-image-1199\" src=\"http:\/\/www.karen-susan-fessel.de\/wp-content\/uploads\/Alles-ist-echt-3-197x300.jpg\" alt=\"\" width=\"197\" height=\"300\" srcset=\"https:\/\/www.karen-susan-fessel.de\/wp-content\/uploads\/Alles-ist-echt-3-197x300.jpg 197w, https:\/\/www.karen-susan-fessel.de\/wp-content\/uploads\/Alles-ist-echt-3-768x1167.jpg 768w, https:\/\/www.karen-susan-fessel.de\/wp-content\/uploads\/Alles-ist-echt-3-674x1024.jpg 674w, https:\/\/www.karen-susan-fessel.de\/wp-content\/uploads\/Alles-ist-echt-3.jpg 777w\" sizes=\"auto, (max-width: 197px) 100vw, 197px\" \/> Jugendlichen, die eines Nachts\u00a0an einer Berliner Tankstelle aufeinandertreffen, mit fatalen Folgen. Am Ende liegt einer im Koma, der T\u00e4ter ist auf der Flucht, und die beiden anderen Jugendlichen bleiben schockiert zur\u00fcck. Und machen sich sp\u00e4ter gemeinsam auf die Suche &#8230; Der Roman handelt von Jugendgewalt, ihren Ursachen und ihren Folgen, von Antisemitismus unter muslimischen Jugendlichen und die Entfremdung zwischen halbw\u00fcchsigen Kindern und ihren Eltern. Ich pers\u00f6nlich halte das Buch f\u00fcr eines meiner besten \u00fcberhaupt und bin gespannt, ob das auch andere so sehen &#8230;<\/p>\n<p>Vier Tage sp\u00e4ter aber dann folgte schon die n\u00e4chste Premiere, diesmal auf der Leipziger Buchmesse &#8211; viele gespannt lauschende Besucher*nnen zwischen 4 und ungef\u00e4hr 84 Jahren lauschten meiner ersten Lesung aus \u00a0&#8222;<a href=\"https:\/\/www.kosmos.de\/buecher\/kinder-jugendbuch\/kinderbuch\/8214\/frieda-fricke-unmoeglich\">Frieda Fricke, unm\u00f6glich!<\/a>&#8222;, meinem neuen Kinderbuch ab 8 Jahren, frisch erschienen im Kosmos-Verlag. <img loading=\"lazy\" decoding=\"async\" class=\"alignnone size-medium wp-image-1185\" src=\"http:\/\/www.karen-susan-fessel.de\/wp-content\/uploads\/Cover-Frieda-210x300.gif\" alt=\"\" width=\"210\" height=\"300\" srcset=\"https:\/\/www.karen-susan-fessel.de\/wp-content\/uploads\/Cover-Frieda-210x300.gif 210w, https:\/\/www.karen-susan-fessel.de\/wp-content\/uploads\/Cover-Frieda-768x1098.gif 768w, https:\/\/www.karen-susan-fessel.de\/wp-content\/uploads\/Cover-Frieda-716x1024.gif 716w\" sizes=\"auto, (max-width: 210px) 100vw, 210px\" \/><\/p>\n<p>Darin geht es um freche M\u00e4dchen, segelohrige Jungs, t\u00fcdelige Tanten, alte K\u00fche, die dringend ein Altersheim brauchen, aber nicht nur die &#8230;.<\/p>\n<p>Eine zweite Lesung aus &#8222;Frieda Fricke, unm\u00f6glich!&#8220; rundete meinen Doppel-Messebesuch und Monat M\u00e4rz ab. So macht die Messe Spa\u00df!<\/p>\n<p><strong>Und was kommt?<\/strong><\/p>\n<p>Na &#8211; ganz folgerichtig die Arbeit an &#8222;Frieda Fricke 2&#8220;! Schon im April werde ich damit beginnen, damit das Manuskript dann im Juli abgegeben werden kann und im kommenden Jahr erscheint &#8211; und vielleicht lese ich dann wieder auf der Leipziger Messe daraus vor, wer wei\u00df &#8230;<\/p>\n<p>Nach einer kurzen Osterreise geht es dann noch mal richtig mit &#8222;Frieda Fricke&#8220; auf Reisen durch die Republik: Meine Lesereise anl\u00e4sslich des Welttages des Buches f\u00fchrt mich am 20. April zun\u00e4chst nach Wernigerode in Paul B\u00fcttners Buchhandlung, dann weiter nach Gro\u00df Zimmern in die Buchhandlung Lesezeichen und am 22. April dann nach Stuttgart in den Kosmos-Shop, weiter geht es dann in die B\u00fccherh\u00fctte nach Wadern im Saarland und am Ende nach Geesthacht in die B\u00fccherstube Lilienhof im n\u00f6rdlichen Niedersachsen. Nahezu alle diese\u00a0f\u00fcnf Lesungen, die von den jeweiligen Buchhandlungen gewonnen und vom Kosmos-Verlag gesponsort wurden, werden Gro\u00dfveranstaltungen, meist erwarten mich an die 100 Kinder, aber auch bis zu 200 sind angek\u00fcndigt. Ich bin gespannt!<\/p>\n<p>Eine weitere Lesung in diesem Rahmen wird mich dann erst im Juni nach Haren an der Ems f\u00fchren, was ich nat\u00fcrlich mit einem Heimatbesuch bei Muttern verbinden werde.<\/p>\n<p>Unmittelbar nach meiner R\u00fcckkehr geht es dann f\u00fcr zwei Lesungen nach Sch\u00f6nwalde\/Glien nahe Berlin, wo ich zum wiederholten Male in der Grundschule Menschenskinder aus meinen B\u00fcchern vorlesen werde. Bestimmt bl\u00fchen dann auch schon wieder Unmengen meiner Lieblingsblumen, der Buschwindr\u00f6schen, rund ums Schulgel\u00e4nde, was mich jedesmal aufs Neue erfreut. Jaja, Frauen und Blumen &#8230;<\/p>\n<p>Zwei Tage sp\u00e4ter, am 28. April, habe ich dann das Vergn\u00fcgen, in Rheinsberg eine Werkschau f\u00fcr \u00e4ltere Blinde und Sehbehinderte zu pr\u00e4sentieren, auf Einladung der Usher-Gruppe Berlin-Brandenburg. \u00a0Beim Usher-Syndrom handelt es sich um eine degenerative Erkrankung der Netzhaut, die zur Erblindung f\u00fchrt, in Kombination mit Schwerh\u00f6rigkeit. Ein Jugendbuch zu diesem Thema habe ich seit einiger Zeit in Arbeit, aber noch nicht bei einem Verlag unterbringen k\u00f6nnen. Aber ich hoffe, es klappt demn\u00e4chst!<\/p>\n<p>Und danach geht es gleich weiter nach Z\u00fcrich, wo ich im Rahmen des Pink-Apple-Festivals am 30. April um 17h eine kurze Werkschau vorstelle und mich dann einer moderierte Fragerunde stellen werde. F\u00fcr den n\u00e4chsten Tag ist dann noch die Teilnahme an einer Podiumsdiskussion zum Thema &#8222;vom coming-out zum public outing&#8220; geplant. Volles Programm also!<\/p>\n<p>Einen gut gef\u00fcllten April w\u00fcnscht Karen-Susan Fessel<\/p>\n<p>&nbsp;<\/p>\n<p><strong>\u00d6ffentliche Termine im<\/strong>\u00a0<span style=\"color: #000000;\"><b>April<\/b><\/span>: \u00a020. April, 9.30h, Wernigerode, Remise des Weniger\u00f6der Kunst- und Kulturvereins e.V., Marktstr. 1 \/ 21. April, 10h, Gro\u00df Zimmern, Buchhandlung Lesezeichen \/ 22. April, 15h, Stuttgart, Kosmos-Shop, Blumenstra\u00dfe 44 \/ 24. April, 10h, Wadern, B\u00fccherh\u00fctte Schmitt \/ 25. April, 10h, Geesthacht, B\u00fccherstube Lilienhof: jeweils eine Lesung aus &#8222;Frieda Fricke, unm\u00f6glich!&#8220; \/ 26. April, 10h, Grundschule Menschenskinder, Sch\u00f6nwalde-Glien: zwei Lesungen aus &#8222;Und wenn schon!&#8220; \/ 30. April, 17h, Z\u00fcrich, Kulturhaus Helferei: Lesung und Diskussion \/ 1. Mai, 15h, Z\u00fcrich, Kulturhaus Helferei: Podiumsdiskussion<\/p>\n<p><strong>Onlineworkshops<\/strong>: Der n\u00e4chste Kreativ-Quickie startet am 2. Mai &#8211; Informationen und Anmeldung auch f\u00fcr die weiteren \u00a0Workshops \u201eMein Buch\u201c und \u201eBiografisches Schreiben\u201c sowie Einzelcoaching unter\u00a0<a href=\"http:\/\/www.karen-susan-fessel.de\/seminare\">www.karen-susan-fessel.de\/seminare<\/a><\/p>\n<p><strong>Ausgelesen<\/strong>: <em>\u00a0Joachim Meyerhoff: Ach, diese L\u00fccke, diese entsetzliche L\u00fccke\u00a0<\/em>\/ Den dritten Band von Meyerhoffs kurzweiliger, auf sechs B\u00e4nde angelegten Biografie halte ich pers\u00f6nlich f\u00fcr den bislang besten. Und das nicht nur wegen der faszinierend anr\u00fchrenden Schilderung seiner manirierten Gro\u00dfmutter und ihres steif-freundlichen Gatten, bei denen der Joachim seine Zeit als M\u00fcnchener Schauspielsch\u00fcler verbrachte. Meyerhoff gelingt es, alte Menschen in den Fokus seiner Erz\u00e4hlung zu heben, das hat Seltenheitswert. \/\/ <em>Tom Malmquist: In jedem Augenblick unseres Lebens<\/em>\u00a0\/\/ Eines der packendsten und dabei ergreifendsten B\u00fccher, die ich in den letzten Jahren gelesen habe: Malmquists biografische Erz\u00e4hlung \u00fcber den pl\u00f6tzlichen Tod seiner hochschwangeren Lebensgef\u00e4hrtin und sein ihn \u00fcberrumpelnder Start in ein Leben als alleinerziehender Vater hat mich in Bann geschlagen. Malmquist erz\u00e4hlt &#8211; in der hervorragenden \u00dcbersetzung von Gisela Kosubek &#8211; atemlos und rau; f\u00fcr mich neu ist zudem die Erfahrung, dass ich den Helden eines Buches durchaus nicht gerade sympathisch finden kann, dennoch unbedingt mehr \u00fcber ihn wissen will. Sehr zu empfehlen! \/\/\u00a0<em>Donald Ray Pollock: Die himmlische Tafel<\/em>\u00a0\/ Diese hat mich leider nicht \u00fcberzeugt und eher kalt gelassen, schade! Dabei hatte ich mich so auf das dritte Werk meiner Neuentdeckung aus dem letzten Monat gefreut. Aber f\u00fcr Liebhaber von breit fabulierten Westernerz\u00e4hlungen ist der dicke Schm\u00f6ker sicher dennoch ein Genuss\u00a0&#8230;<\/p>\n","protected":false},"excerpt":{"rendered":"<p>Hier kommt die zweiundvierzigste Ausgabe der\u00a0Monatsbotin\u00a0von Karen-Susan Fessel \u2013 mit Notizen, Gedanken und Terminen vom Schreibtisch aus dem vierten Stock in Berlin-Kreuzberg! Wem sie gef\u00e4llt: liebend gern weiterempfehlen: \u00a0Eine kurze Mail mit dem Hinweis \u201eMonatsbotin gew\u00fcnscht\u201c an\u00a0kontakt@karen-susan-fessel.de\u00a0\u2013 und schon liegt sie Monat f\u00fcr Monat im virtuellen Briefkasten &#8230; Viel Spa\u00df beim Lesen w\u00fcnscht Karen-Susan Fessel! &hellip; <\/p>\n<p class=\"link-more\"><a href=\"https:\/\/www.karen-susan-fessel.de\/index.php\/die-monatsbotin-april-2017-notizen-aus-dem-vierten-stock\/\" class=\"more-link\"><span class=\"screen-reader-text\">\u201eDie Monatsbotin April 2017 \/\/ Notizen aus dem vierten Stock\u201c <\/span>weiterlesen<\/a><\/p>\n","protected":false},"author":2,"featured_media":0,"comment_status":"open","ping_status":"open","sticky":false,"template":"","format":"standard","meta":{"footnotes":""},"categories":[1,3],"tags":[],"class_list":["post-1206","post","type-post","status-publish","format-standard","hentry","category-allgemein","category-neues-vom-schreibtisch"],"_links":{"self":[{"href":"https:\/\/www.karen-susan-fessel.de\/index.php\/wp-json\/wp\/v2\/posts\/1206","targetHints":{"allow":["GET"]}}],"collection":[{"href":"https:\/\/www.karen-susan-fessel.de\/index.php\/wp-json\/wp\/v2\/posts"}],"about":[{"href":"https:\/\/www.karen-susan-fessel.de\/index.php\/wp-json\/wp\/v2\/types\/post"}],"author":[{"embeddable":true,"href":"https:\/\/www.karen-susan-fessel.de\/index.php\/wp-json\/wp\/v2\/users\/2"}],"replies":[{"embeddable":true,"href":"https:\/\/www.karen-susan-fessel.de\/index.php\/wp-json\/wp\/v2\/comments?post=1206"}],"version-history":[{"count":8,"href":"https:\/\/www.karen-susan-fessel.de\/index.php\/wp-json\/wp\/v2\/posts\/1206\/revisions"}],"predecessor-version":[{"id":1406,"href":"https:\/\/www.karen-susan-fessel.de\/index.php\/wp-json\/wp\/v2\/posts\/1206\/revisions\/1406"}],"wp:attachment":[{"href":"https:\/\/www.karen-susan-fessel.de\/index.php\/wp-json\/wp\/v2\/media?parent=1206"}],"wp:term":[{"taxonomy":"category","embeddable":true,"href":"https:\/\/www.karen-susan-fessel.de\/index.php\/wp-json\/wp\/v2\/categories?post=1206"},{"taxonomy":"post_tag","embeddable":true,"href":"https:\/\/www.karen-susan-fessel.de\/index.php\/wp-json\/wp\/v2\/tags?post=1206"}],"curies":[{"name":"wp","href":"https:\/\/api.w.org\/{rel}","templated":true}]}}