{"id":1249,"date":"2017-06-03T13:00:44","date_gmt":"2017-06-03T11:00:44","guid":{"rendered":"http:\/\/www.karen-susan-fessel.de\/?p=1249"},"modified":"2017-06-03T13:00:44","modified_gmt":"2017-06-03T11:00:44","slug":"die-monatsbotin-juni-2017-notizen-aus-dem-vierten-stock","status":"publish","type":"post","link":"https:\/\/www.karen-susan-fessel.de\/index.php\/die-monatsbotin-juni-2017-notizen-aus-dem-vierten-stock\/","title":{"rendered":"Die Monatsbotin Juni 2017 \/\/ Notizen aus dem vierten Stock"},"content":{"rendered":"<p><strong>Hier kommt die vierundvierzigste Ausgabe der\u00a0Monatsbotin\u00a0von Karen-Susan Fessel \u2013 mit Notizen, Gedanken und Terminen vom Schreibtisch aus dem vierten Stock in Berlin-Kreuzberg!<\/strong><\/p>\n<p>Wem sie gef\u00e4llt: liebend gern weiterempfehlen: \u00a0Eine kurze Mail mit dem Hinweis \u201eMonatsbotin gew\u00fcnscht\u201c an\u00a0<a href=\"mailto:kontakt@karen-susan-fessel.de\">kontakt@karen-susan-fessel.de<\/a>\u00a0\u2013 und schon liegt sie Monat f\u00fcr Monat im virtuellen Briefkasten &#8230;<\/p>\n<p><strong>Viel Spa\u00df beim Lesen w\u00fcnscht Karen-Susan Fessel!<\/strong><\/p>\n<p><strong>Was war?<\/strong><\/p>\n<p>Ein sehr warmer, betriebsamer Juni, von dem ich die meiste Zeit am Schreibtisch verbrachte. &#8222;Frieda Fricke&#8220; Nr. 2 will ja geschrieben werden und soll im kommenden Fr\u00fchjahr erscheinen. In &#8222;Frieda Fricke &#8211; unglaublich!&#8220; droht dem fr\u00f6hlichen Landleben im schleswig-holsteinischen Hof hinterm Deich Unheil: Ein reicher Hamburger will dort ein Riesenhotel hinbauen, direkt neben das von Frieda und ihren Freunden neugegr\u00fcndete Altersheim f\u00fcr K\u00fche und andere alte Leute. Klar, dass Frieda, Mitja und co. sich da dringend was ausdenken m\u00fcssen!<\/p>\n<p>65 Seiten, ungef\u00e4hr die H\u00e4lfte, sind schon in der Rohfassung fertig, die neuen Illustrationen, wiederum von Mareikje Vogler, ebenfalls in Arbeit. Ich liege also gut im Plan, und, was noch besser ist: Es macht wiederum sehr viel Spa\u00df &#8211; und das, wo B\u00fccher f\u00fcr j\u00fcngere Kinder doch eigentlich gar nicht mein Steckenpferd waren &#8230;<\/p>\n<p>Ein paar Veranstaltungen lockerten die Schreibtischarbeit noch einmal auf: Zun\u00e4chst las ich am 10. Mai in der Stadtteilbibliothek Falkenhagener Feld aus &#8222;Frieda Fricke &#8211; unm\u00f6glich!&#8220; vor zwei dritten Klassen, um mein Zielpublikum noch einmal genauer in Augenschein nehmen zu k\u00f6nnen. Eine Woche sp\u00e4ter, am 17., hatte ich das Vergn\u00fcgen, die zw\u00f6lf aufgeregten TeilnehmerInnen des Berliner Landesentscheides des Vorlesewettbewerbes der 6. Klassen mit einer Kurzlesung aus &#8222;Hip-Hop, Hund und Herzgeh\u00fcpfe&#8220; auf ihre schwierige Aufgabe &#8211; das Pr\u00e4sentieren eines selbst ausgesuchten und dann eines unbekannten Fremdtextes &#8211; einzustimmen und dann in der Jury die nicht minder schwierige Aufgabe zu \u00fcbernehmen, den oder die Siegerin zu bestimmen. Knapp, aber \u00fcberzeugend gewann der Lokalmatador aus Mitte, Pit Terjung, der Berlin dann am 21. Juni beim Bundesentscheid vertreten wird. <img decoding=\"async\" src=\"https:\/\/scontent-frx5-1.xx.fbcdn.net\/v\/t1.0-9\/18447446_1738059456211039_5789391845727434035_n.png?oh=23fd01c7be7cc899c8784400bb574ad0&amp;oe=59A320B6\" alt=\"Bild k\u00f6nnte enthalten: eine oder mehrere Personen und Innenbereich\" \/>Viel Gl\u00fcck, Pit!<\/p>\n<p>Danach ging es f\u00fcr mich gleich weiter ins wundersch\u00f6ne Greifswald, wo ich erstmals zu Gast war und im Rahmen der <a href=\"https:\/\/bildungqube.wordpress.com\/\">Aktionswochen gegen Homophobie, Inter*phobie und Trans*phobie<\/a>\u00a0aus &#8222;Liebe macht Anders&#8220; und weiteren Werken f\u00fcr drei 9. Klassen las, ganz stilecht im altehrw\u00fcrdigen Gew\u00f6lbesaal der Hans-Fallada-Bibliothek.<\/p>\n<p>Interviews \u00fcbrigens gebe ich auch gelegentlich &#8211; hier ein aktuelles Beispiel aus dem <a href=\"http:\/\/www.kinderspielmagazin.de\/2017\/05\/23\/angesagt-karen-susan-fessel\/\">Online-Kinderspielmagazin<\/a>.<\/p>\n<p><strong>Und was kommt?<\/strong><\/p>\n<p>Nat\u00fcrlich auch diesen Monat wieder viel Schreibarbeit &#8211; der zweite Teil von &#8222;Frieda Fricke &#8211; unglaublich!&#8220;soll bis Ende des Monats in der Rohfassung fertig sein! Dazwischen aber stehen wiederum einige Lesungen an &#8211; f\u00fcr mich ganz besondere: Erstmals habe ich am 12. Juni die gro\u00dfe Freude, an meinem alten Gymnasium, den Meppener Windthorst-Gymnasium, aus meinen Jugendb\u00fcchern vorzulesen, und zwar f\u00fcr die neunten Klassen &#8211; da bietet sich nat\u00fcrlich das neu erschienene &#8222;<a href=\"http:\/\/www.oetinger.de\/otb\/buecher\/oetinger-taschenbuch\/details\/titel\/3-86418-046-5\/24005\/3416\/Autor\/Karen-Susan\/Fessel\/Alles_ist_echt.html\">Alles ist echt<\/a>&#8220; (Oetinger Taschenbuch) an, aber auch &#8222;Was in den Schatten ruht&#8220;, das ja im nahen Dankern spielt.<\/p>\n<p>Aus eben diesen Werken werde ich auch zwei Tage sp\u00e4ter im Harener Gymnasium vor den achten und neunten Klassen vortragen, gefolgt von einer nachmitt\u00e4glichen \u00f6ffentlichen Lesung aus &#8222;Frieda Fricke&#8220; in der B\u00fccherei Altharen. Bei dieser Lesung, organisiert von der Harener Giraffenbuchhandlung Monika Kremer, handelt es sich \u00fcbrigens um den letzten Nachz\u00fcgler meiner Lesereise zum Welttag des Buches, die vom B\u00f6rsenverein des deutschen Buchhandels gemeinsam mit der Arbeitsgemeinschaft von Jugendbuchverlagen (avj) verlost wurde und vom Kosmos-Verlag finanziert wird. Eine rundum gelungene Aktion!<\/p>\n<p>Danach habe ich noch das Vergn\u00fcgen, erstmalig bei der Lit:Potsdam im neu vom Autor Martin Klein initiierten und kuratierten\u00a0<a href=\"http:\/\/www.litpotsdam.de\/kinder-jugend.html\">Kinder- und Jugendprogramm<\/a> teilzunehmen und dabei am 23. Juni im Gymnasium Michendorf und am 28. Juni in der Rosa-Luxemburg-Schule zwei Lesungen zu halten.<\/p>\n<p>Und dann, weil diese Zeiten ja dringend nach guten Nachrichten verlangen, hier noch zwei sch\u00f6ne Neuigkeiten: Zum Einen erscheint im September im Psychatrie-Verlag <a href=\"https:\/\/www.psychiatrie-verlag.de\/buecher\/detail\/book-detail\/der-zahlendieb.html\">Der Zahlendieb &#8211; mein Leben mit Zwangsst\u00f6rungen<\/a>, die gemeinsam mit mir verfasste, sehr spannende und bewegende Autobiografie des Berliner Filmemachers und Sozialp\u00e4dagogen Oliver Sechting. Die Arbeit daran hat mir viel bedeutet, und ein weiteres gemeinsames Werk ist schon angedacht &#8230;<\/p>\n<p>Zum anderen wird im Fr\u00fchjahrsprogramm meines allerersten Verlages, dem konkursbuch Verlag Claudia Gehrke, eine andere, ganz spezielle Biografie aus meiner Feder erscheinen: &#8222;Mutter zieht aus &#8211; ein erz\u00e4hlender Bericht&#8220; (Arbeitstitel), die Lebensgeschichte meiner eigenen Mutter aus ihrer und meiner Sicht, die zugleich aber auch meine eigene Familiengeschichte und die Geschichte der weiblichen Kriegskinder und ihrer T\u00f6chter erz\u00e4hlt, exemplarisch am Beispiel eben meiner eigenen Familie. Dieses gut zweihundert Seiten umfassende Buch habe ich meiner Mutter zum 80. Geburtstag im letzten Juli geschrieben und auch gewidmet &#8211; und wir freuen uns beide, dass nun auch andere Menschen Gelegenheit bekommen werden, es zu lesen!<\/p>\n<p>Einen sonnigen Juni w\u00fcnscht Karen-Susan Fessel!<\/p>\n<p><strong>\u00d6ffentliche Termine im<\/strong>\u00a0<span style=\"color: #000000;\"><b>Juni<\/b><\/span>: \u00a014. Juni, Haren,\u00a0Katholische \u00d6ffentliche B\u00fccherei Altharen,\u00a016h: Lesung aus &#8222;Frieda Fricke &#8211; unm\u00f6glich!&#8220;<\/p>\n<p><strong>Onlineworkshops<\/strong>: Die n\u00e4chsten Kreativ-Quickies starten am 7.\u00a0Juni, 4. Juli und 4. September &#8211; Informationen und Anmeldung auch f\u00fcr die weiteren \u00a0Workshops \u201eMein Buch\u201c und \u201eBiografisches Schreiben\u201c sowie Einzelcoaching unter\u00a0<a href=\"http:\/\/www.karen-susan-fessel.de\/seminare\">www.karen-susan-fessel.de\/seminare<\/a><\/p>\n<p><strong>Ausgelesen<\/strong>: <em>\u00a0Kristina Ohlsson<\/em><em>: Schwesterherz<\/em>\u00a0\/ Die vielgelobte schwedische Autorin schreibt Krimis am laufenden Band, also habe ich mich als Schwedenliebhaberin auch einmal in ihr neuestes Werk vertieft. Aber die atemlose Suche eines Privatdetektivs mit etwas unglaubw\u00fcrdigem Privatleben nach der wahren Lebensgeschichte einer f\u00fcnffachen, l\u00e4ngst verstorbenen M\u00f6rderin konnte mich nicht so recht in den Bann ziehen. Komischerweise hatte ich st\u00e4ndig das Gef\u00fchl, dass hier einem m\u00e4nnlichen Autoren nicht ganz gelungen ist, sich in eine weibliche Hauptperson hineinzuversetzen. Dabei war es doch genau andersherum &#8230; \/\/ Roman Voosen\/Kerstin Signe Danielsson: Der unerbittliche Gegner \/ Da hat mir ein neuerlicher Versuch mit dem f\u00fcnften Band des schwedisch-deutschen Krimiduos doch deutlich besser gefallen. Die Geschichte um einen afrikanischen Kindersoldaten in Schweden und mehrere zun\u00e4chst unerkl\u00e4rliche Mordf\u00e4lle erinnert zwar in Aufbau und Konstruktion an Henning Mankells gro\u00dfe Werke, insbesondere an &#8222;Die wei\u00dfe L\u00f6win&#8220;, hat mir aber doch eine recht spannende Lekt\u00fcre beschert.<\/p>\n","protected":false},"excerpt":{"rendered":"<p>Hier kommt die vierundvierzigste Ausgabe der\u00a0Monatsbotin\u00a0von Karen-Susan Fessel \u2013 mit Notizen, Gedanken und Terminen vom Schreibtisch aus dem vierten Stock in Berlin-Kreuzberg! Wem sie gef\u00e4llt: liebend gern weiterempfehlen: \u00a0Eine kurze Mail mit dem Hinweis \u201eMonatsbotin gew\u00fcnscht\u201c an\u00a0kontakt@karen-susan-fessel.de\u00a0\u2013 und schon liegt sie Monat f\u00fcr Monat im virtuellen Briefkasten &#8230; Viel Spa\u00df beim Lesen w\u00fcnscht Karen-Susan Fessel! &hellip; <\/p>\n<p class=\"link-more\"><a href=\"https:\/\/www.karen-susan-fessel.de\/index.php\/die-monatsbotin-juni-2017-notizen-aus-dem-vierten-stock\/\" class=\"more-link\"><span class=\"screen-reader-text\">\u201eDie Monatsbotin Juni 2017 \/\/ Notizen aus dem vierten Stock\u201c <\/span>weiterlesen<\/a><\/p>\n","protected":false},"author":2,"featured_media":0,"comment_status":"open","ping_status":"open","sticky":false,"template":"","format":"standard","meta":{"footnotes":""},"categories":[1,3],"tags":[],"class_list":["post-1249","post","type-post","status-publish","format-standard","hentry","category-allgemein","category-neues-vom-schreibtisch"],"_links":{"self":[{"href":"https:\/\/www.karen-susan-fessel.de\/index.php\/wp-json\/wp\/v2\/posts\/1249","targetHints":{"allow":["GET"]}}],"collection":[{"href":"https:\/\/www.karen-susan-fessel.de\/index.php\/wp-json\/wp\/v2\/posts"}],"about":[{"href":"https:\/\/www.karen-susan-fessel.de\/index.php\/wp-json\/wp\/v2\/types\/post"}],"author":[{"embeddable":true,"href":"https:\/\/www.karen-susan-fessel.de\/index.php\/wp-json\/wp\/v2\/users\/2"}],"replies":[{"embeddable":true,"href":"https:\/\/www.karen-susan-fessel.de\/index.php\/wp-json\/wp\/v2\/comments?post=1249"}],"version-history":[{"count":3,"href":"https:\/\/www.karen-susan-fessel.de\/index.php\/wp-json\/wp\/v2\/posts\/1249\/revisions"}],"predecessor-version":[{"id":1264,"href":"https:\/\/www.karen-susan-fessel.de\/index.php\/wp-json\/wp\/v2\/posts\/1249\/revisions\/1264"}],"wp:attachment":[{"href":"https:\/\/www.karen-susan-fessel.de\/index.php\/wp-json\/wp\/v2\/media?parent=1249"}],"wp:term":[{"taxonomy":"category","embeddable":true,"href":"https:\/\/www.karen-susan-fessel.de\/index.php\/wp-json\/wp\/v2\/categories?post=1249"},{"taxonomy":"post_tag","embeddable":true,"href":"https:\/\/www.karen-susan-fessel.de\/index.php\/wp-json\/wp\/v2\/tags?post=1249"}],"curies":[{"name":"wp","href":"https:\/\/api.w.org\/{rel}","templated":true}]}}