{"id":1262,"date":"2017-07-03T11:23:16","date_gmt":"2017-07-03T09:23:16","guid":{"rendered":"http:\/\/www.karen-susan-fessel.de\/?p=1262"},"modified":"2017-07-03T11:23:16","modified_gmt":"2017-07-03T09:23:16","slug":"die-monatsbotin-juli-2017-notizen-aus-dem-vierten-stock","status":"publish","type":"post","link":"https:\/\/www.karen-susan-fessel.de\/index.php\/die-monatsbotin-juli-2017-notizen-aus-dem-vierten-stock\/","title":{"rendered":"Die Monatsbotin Juli 2017 \/\/ Notizen aus dem vierten Stock"},"content":{"rendered":"<p><strong>Hier kommt die f\u00fcnfundvierzigste Ausgabe der\u00a0Monatsbotin\u00a0von Karen-Susan Fessel \u2013 mit Notizen, Gedanken und Terminen vom Schreibtisch aus dem vierten Stock in Berlin-Kreuzberg!<\/strong><\/p>\n<p>Wem sie gef\u00e4llt: liebend gern weiterempfehlen: \u00a0Eine kurze Mail mit dem Hinweis \u201eMonatsbotin gew\u00fcnscht\u201c an\u00a0<a href=\"mailto:kontakt@karen-susan-fessel.de\">kontakt@karen-susan-fessel.de<\/a>\u00a0\u2013 und schon liegt sie Monat f\u00fcr Monat im virtuellen Briefkasten &#8230;<\/p>\n<p><strong>Viel Spa\u00df beim Lesen w\u00fcnscht Karen-Susan Fessel!<\/strong><\/p>\n<p><strong>Was war?<\/strong><\/p>\n<p>Ein durchwachsener Juni, der es in sich hatte, sowohl wetter- als auch arbeitsm\u00e4\u00dfig. Wie geplant ist p\u00fcnktlich zum Monatsende die Rohfassung des zweiten Bandes von &#8222;Frieda Fricke&#8220; fertig geworden. In &#8222;Frieda Fricke &#8211; unglaublich!&#8220; droht dem fr\u00f6hlichen Landleben im schleswig-holsteinischen Hof hinterm Deich Unheil: Ein reicher Hamburger will dort ein Riesenhotel hinbauen, direkt neben das von Frieda und ihren Freunden neugegr\u00fcndete Altersheim f\u00fcr K\u00fche und andere alte Leute. Klar, dass Frieda, Mitja und co. sich da dringend was ausdenken m\u00fcssen!<\/p>\n<p>Dazwischen lockerte ein Pfingst-Kurzurlaub im sch\u00f6nen Schleswig-Holstein und einige Lesungen die Schreibtischarbeit auf: Am 12. Juni las ich erstmals in meinem ehemaligen Gymnasium,\u00a0dem Meppener Windthorst-Gymnasium, aus meinen Jugendb\u00fcchern vor. Die f\u00fcnf neunten Klassen lauschten ausnehmend ruhig (also, fr\u00fcher waren wir nicht ganz so still, meine ich &#8230;) den Erlebnissen der Jugendlichen in &#8222;<a href=\"http:\/\/www.oetinger.de\/otb\/buecher\/oetinger-taschenbuch\/details\/titel\/3-86418-046-5\/24005\/3416\/Autor\/Karen-Susan\/Fessel\/Alles_ist_echt.html\">Alles ist echt<\/a>&#8220; (Oetinger Taschenbuch), &#8222;Steingesicht&#8220; und &#8222;Was in den Schatten ruht&#8220;, das ja im nahen Dankern spielt. Eine kleine F\u00fchrung durch die ver\u00e4nderte Geb\u00e4udelandschaft mit der netten Direktorin gab es auch noch, und so \u00fcberkamen mich heimatliche Gef\u00fchle, die ich zwei Tage sp\u00e4ter bei meinen beiden Lesungen im zwanzig Kilometer entfernten\u00a0Harener Gymnasium noch vertiefen konnte.<\/p>\n<p>Am selben Nachmittag kamen dann die Kleinen und ganz Gro\u00dfen dran: In der Katholischen \u00d6ffentlichen B\u00fccherei Altharen stellte ich &#8222;Frieda Fricke &#8211; unm\u00f6glich&#8220; vor rund zwanzig Kindern und Erwachsenen vor und durfte dann noch als Gl\u00fccksfee f\u00fcr die b\u00fcchereiinterne Preisverleihung fungieren. Bei dieser Lesung, organisiert von der Harener Giraffenbuchhandlung Monika Kremer, handelte es sich dann um den letzten Nachz\u00fcgler meiner Lesereise zum Welttag des Buches, die vom B\u00f6rsenverein des deutschen Buchhandels gemeinsam mit der Arbeitsgemeinschaft von Jugendbuchverlagen (avj) verlost wurde und vom Kosmos-Verlag finanziert wurde.<\/p>\n<p>Danach ging es wieder zur\u00fcck in die Berliner\u00a0Wahlheimat, um dort im Rahmen des\u00a0<a href=\"http:\/\/www.litpotsdam.de\/kinder-jugend.html\">Kinder- und Jugendprogramm<\/a>es der Lit:Potsdam\u00a0am 23. Juni im Gymnasium Michendorf vor den siebten und am 28. Juni in der Rosa-Luxemburg-Schule vor den f\u00fcnften Klassen je eine Lesung zu halten. Wir hatten viel Spa\u00df zusammen, und ewig in Erinnerung bleiben wird mir die Sporteinlage der flotten Lehrerin bei der letzten Lesung. Wow! So macht Schule Spa\u00df &#8230;<\/p>\n<p>Ein kleiner Nachtrag: Pit Terjung, der Berliner Landessieger beim diesj\u00e4hrigen Vorlesewettbewerb der 6. Klassen, bei dem ich im Mai als Vorlesende und Jurorin mit dabei war, konnte sich im Finale zwar leider nicht durchsetzen und musste Jarik Foth aus Schleswig-Holstein den Vortritt lassen, aber dennoch hat er eine gl\u00e4nzende Leistung abgeliefert. Gratulation an alle Teilnehmer*innen!<\/p>\n<p><strong>Und was kommt?<\/strong><\/p>\n<p>Erstmal nat\u00fcrlich die \u00dcberarbeitung von &#8222;Frieda Fricke &#8211; unglaublich!&#8220;; bis Mitte des Monats soll der erste Feinschliff erledigt sein. Dazu wartet noch ein kurzfristig angenommenes Lektorat auf mich, und dann geht es f\u00fcr elf Tage hintereinander in die Akademie Waldschl\u00f6sschen &#8211; zu gleich drei Schreibworkshops hintereinander. Den Anfang macht das Bundespositiventreffen, bei dem ich seit vielen Jahren mit meinem Workshop mit von der Partie bin, gefolgt vom Treffen junger HIV-infizierter Menschen bis 30 Jahre, bei dem ich erstmalig einen Workshop anbiete. Danach folgt zum kr\u00f6nenden Abschluss mein Auftritt bei der Sommerakademie, die &#8211; wie auch die beiden anderen Workshops &#8211; schon seit l\u00e4ngerem komplett ausgebucht ist. Ich bin sehr gespannt auf die Teilnehmer*innen und das, was sie schreiben werden!<\/p>\n<p>Einen warmen Juli w\u00fcnscht Karen-Susan Fessel!<\/p>\n<p><strong>\u00d6ffentliche Termine im<\/strong>\u00a0<span style=\"color: #000000;\"><b>Juli<\/b><\/span>: \u00a0Leider keine \u00f6ffentlichen Termine in diesem Monat!<\/p>\n<p><strong>Onlineworkshops<\/strong>: Die n\u00e4chsten Kreativ-Quickies starten am 3. Juli und 4. September &#8211; Informationen und Anmeldung auch f\u00fcr die weiteren \u00a0Workshops \u201eMein Buch\u201c und \u201eBiografisches Schreiben\u201c sowie Einzelcoaching unter\u00a0<a href=\"http:\/\/www.karen-susan-fessel.de\/seminare\">www.karen-susan-fessel.de\/seminare<\/a><\/p>\n<p><strong>Ausgelesen<\/strong>:\u00a0<em>\u00a0Henning Mankell<\/em><em>: Die schwedischen Gummistiefel<\/em>\u00a0\/ \u00dcber dieses Buch musste ich eine Weile nachdenken &#8211; nicht etwa, weil es so kompliziert w\u00e4re, sondern weil mich immer wieder das deutliche Gef\u00fchl beschlich, dass Mankell, der wenige Monate nach der Ver\u00f6ffentlichung dieses seines letzten Romans 2015 starb, hier zugleich in Eile als auch mit gro\u00dfer Ersch\u00f6pfung schrieb. Die Geschichte um den ehemaligen Chirurgen Welin, dessen Haus auf einer schwedischen Sch\u00e4reninsel abbrennt und der sich so noch im Alter vor einen erzwungenen Neuanfang gestellt sieht, erz\u00e4hlt viel \u00fcber Einsamkeit und das Altern. Zugleich versucht Mankell, m\u00f6glichst viele Geschichtenstr\u00e4nge ansatzweise hineinzuweben, als w\u00fcrde er darauf verweisen, wieviel er eigentlich noch zu erz\u00e4hlen h\u00e4tte, wenn er denn noch k\u00f6nnte. Leider konnte er nicht mehr; und diese unterschwellige Sehnsucht hat mich beim Lesen immer wieder innehalten lassen. Vielleicht ist genau das ein Charakteristikum eines Alterswerkes: das Bewusstsein, dass nicht mehr genug Zeit bleibt, um alles erz\u00e4hlen zu k\u00f6nnen. Und das steht wohl allen Autor*innen bevor, die ihren Beruf als Berufung empfinden.\u00a0\/\/ <em>Robert Gernhardt: Die K-Gedichte<\/em> \/ Dazu passend das dichterische Alterswerk dieses grandiosen deutschen Dichters. K wie Krieg und Krebs &#8230; das soll man komisch, ernst und witzig zugleich hinkriegen? Kann man, wenn man &#8222;Krankheit als Schangse&#8220; nimmt &#8230; Gernhardt hat die Ver\u00f6ffentlichung seines Gedichtbandes ebenfalls nur um einige Monate \u00fcberlebt und damit auch ein ganz eigenes Alterswerk hingelegt. \u00a0\/\/ <em>Anno Frank Leven: Vier Palmen<\/em> \/Dieser Dichter und Maler hatte wiederum leider nicht die Chance, ein Alterswerk zu erstellen. Leven starb mit Mitte 40 an einem Hirntumor, mit seinen anr\u00fchrenden, klaren Gedichten aber bleibt er f\u00fcr mich einer meiner Lieblingslyriker.<\/p>\n","protected":false},"excerpt":{"rendered":"<p>Hier kommt die f\u00fcnfundvierzigste Ausgabe der\u00a0Monatsbotin\u00a0von Karen-Susan Fessel \u2013 mit Notizen, Gedanken und Terminen vom Schreibtisch aus dem vierten Stock in Berlin-Kreuzberg! Wem sie gef\u00e4llt: liebend gern weiterempfehlen: \u00a0Eine kurze Mail mit dem Hinweis \u201eMonatsbotin gew\u00fcnscht\u201c an\u00a0kontakt@karen-susan-fessel.de\u00a0\u2013 und schon liegt sie Monat f\u00fcr Monat im virtuellen Briefkasten &#8230; Viel Spa\u00df beim Lesen w\u00fcnscht Karen-Susan Fessel! &hellip; <\/p>\n<p class=\"link-more\"><a href=\"https:\/\/www.karen-susan-fessel.de\/index.php\/die-monatsbotin-juli-2017-notizen-aus-dem-vierten-stock\/\" class=\"more-link\"><span class=\"screen-reader-text\">\u201eDie Monatsbotin Juli 2017 \/\/ Notizen aus dem vierten Stock\u201c <\/span>weiterlesen<\/a><\/p>\n","protected":false},"author":2,"featured_media":0,"comment_status":"open","ping_status":"open","sticky":false,"template":"","format":"standard","meta":{"footnotes":""},"categories":[1,3],"tags":[],"class_list":["post-1262","post","type-post","status-publish","format-standard","hentry","category-allgemein","category-neues-vom-schreibtisch"],"_links":{"self":[{"href":"https:\/\/www.karen-susan-fessel.de\/index.php\/wp-json\/wp\/v2\/posts\/1262","targetHints":{"allow":["GET"]}}],"collection":[{"href":"https:\/\/www.karen-susan-fessel.de\/index.php\/wp-json\/wp\/v2\/posts"}],"about":[{"href":"https:\/\/www.karen-susan-fessel.de\/index.php\/wp-json\/wp\/v2\/types\/post"}],"author":[{"embeddable":true,"href":"https:\/\/www.karen-susan-fessel.de\/index.php\/wp-json\/wp\/v2\/users\/2"}],"replies":[{"embeddable":true,"href":"https:\/\/www.karen-susan-fessel.de\/index.php\/wp-json\/wp\/v2\/comments?post=1262"}],"version-history":[{"count":3,"href":"https:\/\/www.karen-susan-fessel.de\/index.php\/wp-json\/wp\/v2\/posts\/1262\/revisions"}],"predecessor-version":[{"id":1272,"href":"https:\/\/www.karen-susan-fessel.de\/index.php\/wp-json\/wp\/v2\/posts\/1262\/revisions\/1272"}],"wp:attachment":[{"href":"https:\/\/www.karen-susan-fessel.de\/index.php\/wp-json\/wp\/v2\/media?parent=1262"}],"wp:term":[{"taxonomy":"category","embeddable":true,"href":"https:\/\/www.karen-susan-fessel.de\/index.php\/wp-json\/wp\/v2\/categories?post=1262"},{"taxonomy":"post_tag","embeddable":true,"href":"https:\/\/www.karen-susan-fessel.de\/index.php\/wp-json\/wp\/v2\/tags?post=1262"}],"curies":[{"name":"wp","href":"https:\/\/api.w.org\/{rel}","templated":true}]}}