{"id":1270,"date":"2017-08-01T20:08:50","date_gmt":"2017-08-01T18:08:50","guid":{"rendered":"http:\/\/www.karen-susan-fessel.de\/?p=1270"},"modified":"2017-08-01T20:09:59","modified_gmt":"2017-08-01T18:09:59","slug":"die-monatsbotin-august-2017-notizen-aus-dem-vierten-stock","status":"publish","type":"post","link":"https:\/\/www.karen-susan-fessel.de\/index.php\/die-monatsbotin-august-2017-notizen-aus-dem-vierten-stock\/","title":{"rendered":"Die Monatsbotin August 2017 \/\/ Notizen aus dem vierten Stock"},"content":{"rendered":"<p><strong>Hier kommt die sechsundvierzigste Ausgabe der\u00a0Monatsbotin\u00a0von Karen-Susan Fessel \u2013 mit Notizen, Gedanken und Terminen vom Schreibtisch aus dem vierten Stock in Berlin-Kreuzberg!<\/strong><\/p>\n<p>Wem sie gef\u00e4llt: liebend gern weiterempfehlen! Eine kurze Mail mit dem Hinweis \u201eMonatsbotin gew\u00fcnscht\u201c an\u00a0<a href=\"mailto:kontakt@karen-susan-fessel.de\">kontakt@karen-susan-fessel.de<\/a>\u00a0\u2013 und schon liegt sie Monat f\u00fcr Monat im virtuellen Briefkasten &#8230;<\/p>\n<p><strong>Viel Spa\u00df beim Lesen w\u00fcnscht Karen-Susan Fessel!<\/strong><\/p>\n<p><strong>Was war?<\/strong><\/p>\n<p>Ein zweigeteilter Juli &#8211; den ich in der ersten H\u00e4lfte am heimischen Schreibtisch, in der zweiten nahezu komplett in der Akademie Waldschl\u00f6sschen verbrachte. Zun\u00e4chst aber galt es, mein n\u00e4chstes Kinderbuch &#8222;Frieda Fricke &#8211; unglaublich!&#8220; noch einmal zu \u00fcberarbeiten, bevor es fristgerecht Mitte des Monats an meine Lektorin im Kosmos Verlag ging, wo das Werk im n\u00e4chsten Fr\u00fchjahr erscheinen wird. Nachdem die umtriebige und nicht immer ganz pflegeleichte Frieda in Band 1 &#8211; &#8222;<a href=\"https:\/\/www.kosmos.de\/buecher\/kinder-jugendbuch\/kinderbuch\/8214\/frieda-fricke-unmoeglich\">Frieda Fricke &#8211; unm\u00f6glich!<\/a>&#8220; sich erfolgreich dem Ansinnen des Jugendamtes, aus dem alten Hofhaus ausziehen zu m\u00fcssen, widersetzt und mit Hilfe ihrer Freunde und des schn\u00f6seligen Nachbarjungen kurzerhand ein Kuh-Altersheim gegr\u00fcndet hat, geht es nun ums Ganze: auf die Wiese hinterm Deich soll ein Riesenhotel gebaut werden, und die Schafe sollen auch umziehen! Frieda braucht also erneut einen Plan &#8230;<\/p>\n<p>Kaum war &#8222;Frieda II&#8220; abgeschickt, ging es an ein kurzfristig eingeschobenes, spannendes Fremdlektorat und gleich danach an die Vorbereitungen auf die drei Schreibworkshops, die ich ab dem 16. Juli in der idyllisch nahe G\u00f6ttingen gelegenen Akademie Waldschl\u00f6sschen leitete. Den Anfang machte das Bundespositiventreffen, speziell f\u00fcr Langzeitpositive, bei dem ich seit vielen Jahren mit meinem Workshop mit von der Partie bin, gefolgt vom Treffen junger HIV-infizierter Menschen bis 30 Jahre, bei dem ich erstmalig einen Workshop anbot. Den kr\u00f6nenden Abschluss bildete dann die Sommerakademie, bei der die TeilnehmerInnen zwischen f\u00fcnf verschiedenen Workshops ausw\u00e4hlen konnten, um sich eine &#8211; leider sehr verregnete &#8211; Woche lang kreativ zu bet\u00e4tigen. Zum achten Mal hatte ich das Vergn\u00fcgen, ein Dutzend Schreibwillige anzuleiten und mich an den entstehenden, \u00e4u\u00dferst unterschiedlichen, aber durch die Bank weg sehr einfallsreichen Texten zu erfreuen. Zum Ende der drei Seminartage dann lasen die Teilnehmerinnen auch noch vor gro\u00dfem Publikum je einen der Texte vor und wurden mit langanhaltendem Beifall belohnt. Da war dann auch der Dauerregen vergessen &#8230;<\/p>\n<p><strong>Und was kommt?<\/strong><\/p>\n<p>Tja, nochmal eine Reise ins Waldschl\u00f6sschen, wo die Teilnehmerinnen des Treffens f\u00fcr Frauen mit HIV auf mich warten. Auch hier bin ich seit Jahren im Sommer mit einem Schreibworkshop dabei und immer wieder \u00fcberrascht, welch bewegende, lustige, aber auch zutiefst ber\u00fchrende Texte im Laufe eines Wochenendes entstehen k\u00f6nnen.<\/p>\n<p>Danach dann geht es noch einmal an den Schreibtisch &#8211; nicht nur, um die passenden Fotos f\u00fcr das im Februar\u00a0beim konkursbuch Verlag Claudia Gehrke erscheinende, autobiografische Buch &#8222;<a href=\"https:\/\/buch-findr.de\/buecher\/mutter-zieht-aus\/\">Mutter zieht aus<\/a>&#8220; (worin ich exemplarisch f\u00fcr die Kriegskindergeneration die Geschichte meiner Mutter, aber auch meiner gesamten Familie erz\u00e4hle) auszusuchen, sondern auch, um mich gedanklich einmal mit dem Thema Bilderbuch zu befassen. Nicht, dass ich jetzt etwa unter die Illustratorinnen gegangen bin &#8211; aber Bilderb\u00fccher brauchen schlie\u00dflich auch gute Texte, vor allem Bilderb\u00fccher zu nicht ganz einfachen Themen. Und die sind ja bekanntlich mein Steckenpferd. Mehr aber wird f\u00fcrs Erste nicht verraten!<\/p>\n<p>Tja, und dann geht es in den Urlaub: Besuche bei Muttern in Meppen und Ziehtante in Ottendorf stehen auf dem Programm, danach die Toskana, wo wir zu sechst ein gro\u00dfes Ferienhaus gebucht haben. Und der frisch geschorene Hund kommt nat\u00fcrlich auch mit!<\/p>\n<figure id=\"attachment_1274\" aria-describedby=\"caption-attachment-1274\" style=\"width: 222px\" class=\"wp-caption alignnone\"><img loading=\"lazy\" decoding=\"async\" class=\"size-medium wp-image-1274\" src=\"http:\/\/www.karen-susan-fessel.de\/wp-content\/uploads\/IMG_20170801_195908-222x300.jpg\" alt=\"\" width=\"222\" height=\"300\" srcset=\"https:\/\/www.karen-susan-fessel.de\/wp-content\/uploads\/IMG_20170801_195908-222x300.jpg 222w, https:\/\/www.karen-susan-fessel.de\/wp-content\/uploads\/IMG_20170801_195908-768x1038.jpg 768w, https:\/\/www.karen-susan-fessel.de\/wp-content\/uploads\/IMG_20170801_195908-757x1024.jpg 757w, https:\/\/www.karen-susan-fessel.de\/wp-content\/uploads\/IMG_20170801_195908.jpg 1688w\" sizes=\"auto, (max-width: 222px) 100vw, 222px\" \/><figcaption id=\"caption-attachment-1274\" class=\"wp-caption-text\">Luki (7) mit von der Autorin selbst geschorener Sommerfrisur auf dem heimischen Teppich, gleich links neben dem Schreibtisch<\/figcaption><\/figure>\n<p>Einen erholsamen August\u00a0w\u00fcnscht Karen-Susan Fessel!<\/p>\n<p><strong>\u00d6ffentliche Termine im<\/strong>\u00a0<span style=\"color: #000000;\"><b>August<\/b><\/span>: Leider keine \u00f6ffentlichen Termine in diesem Monat!<\/p>\n<p><strong>Onlineworkshops<\/strong>: Die n\u00e4chsten Kreativ-Quickies starten am 4. September und 4. Oktober &#8211; Informationen und Anmeldung auch f\u00fcr die weiteren \u00a0Workshops \u201eMein Buch\u201c und \u201eBiografisches Schreiben\u201c sowie Einzelcoaching unter\u00a0<a href=\"http:\/\/www.karen-susan-fessel.de\/seminare\">www.karen-susan-fessel.de\/seminare<\/a><\/p>\n<p><strong>Ausgelesen<\/strong>:\u00a0<em>\u00a0Gard Sveen<\/em><em>: Teufelsk\u00e4lte<\/em>\u00a0\/ Seinen Erstling &#8222;Der letzte Pilger&#8220; hatte ich schon diverse Male in der Hand, um ihn wieder wegzulegen, aber dieses Werk hat mich dann doch \u00fcberzeugt. Die \u00e4u\u00dferst spannend aufbereitete Geschichte um eine Fehlverurteilung und einen immer noch frei herumlaufenden M\u00f6rder im Oslo dieser Tage hat mich in der Tat gepackt. Endlich mal wieder ein \u00fcberzeugender Ermittler mit H\u00f6hen und Tiefen, aber ohne \u00fcbertrieben opulent ausgebreitetes Privatleben! \/\/ <em>Gerhard Henschel: Arbeiterroman\u00a0<\/em>\/ Ja, und wieder der n\u00e4chste Band der Langzeitautobiografie Henschels, deutsches Gegenst\u00fcck zu Karl Ove Knausg\u00e5rds W\u00e4lzer-Reihe. Mit jedem Band mehr allerdings offenbart sich der Meppen-Hasser (Henschel war eine Zeitlang dort, in meiner Heimatstadt, zu Hause, hat aber kein gutes Wort dar\u00fcber zu berichten) als k\u00fchler und arroganter. Irgendwie entt\u00e4uschend, auch wenn mir die detailfreudige Sammlung von zeitbezogenen Reminiszenzen weiterhin immer wieder ein kurzweiliges Lesevergn\u00fcgen bereitet. Aber mal ehrlich: Gern w\u00fcrde ich solch ein Mammutprojekt mal von einer weiblichen Autorin lesen. Nur f\u00fcrchte ich, ein solches h\u00e4tte im Buchbetrieb keine Chance &#8230; \/\/<em>\u00a0Uta Eisenhardt: Am Dienstag habe ich meinen Vater zers\u00e4gt<\/em>\u00a0und <em>Jenseits von B\u00f6se<\/em>\/ Sowohl die sensationsl\u00fcsternen Titel als auch die marktschreierische Aufmachung dieser absolut seri\u00f6sen Sammlung von Berichten einer Gerichtsreporterin stehen in krassen Gegensatz zum Inhalt. Eisenhardt bietet erstaunlich tiefe Einblicke in die verborgene Disfunktionalit\u00e4t unserer Gesellschaft, die sich an den sprachlos machenden Entgleisungen einzelner Individuen offenbart.<\/p>\n<p>&nbsp;<\/p>\n","protected":false},"excerpt":{"rendered":"<p>Hier kommt die sechsundvierzigste Ausgabe der\u00a0Monatsbotin\u00a0von Karen-Susan Fessel \u2013 mit Notizen, Gedanken und Terminen vom Schreibtisch aus dem vierten Stock in Berlin-Kreuzberg! Wem sie gef\u00e4llt: liebend gern weiterempfehlen! Eine kurze Mail mit dem Hinweis \u201eMonatsbotin gew\u00fcnscht\u201c an\u00a0kontakt@karen-susan-fessel.de\u00a0\u2013 und schon liegt sie Monat f\u00fcr Monat im virtuellen Briefkasten &#8230; Viel Spa\u00df beim Lesen w\u00fcnscht Karen-Susan Fessel! &hellip; <\/p>\n<p class=\"link-more\"><a href=\"https:\/\/www.karen-susan-fessel.de\/index.php\/die-monatsbotin-august-2017-notizen-aus-dem-vierten-stock\/\" class=\"more-link\"><span class=\"screen-reader-text\">\u201eDie Monatsbotin August 2017 \/\/ Notizen aus dem vierten Stock\u201c <\/span>weiterlesen<\/a><\/p>\n","protected":false},"author":2,"featured_media":0,"comment_status":"open","ping_status":"open","sticky":false,"template":"","format":"standard","meta":{"footnotes":""},"categories":[1,3],"tags":[],"class_list":["post-1270","post","type-post","status-publish","format-standard","hentry","category-allgemein","category-neues-vom-schreibtisch"],"_links":{"self":[{"href":"https:\/\/www.karen-susan-fessel.de\/index.php\/wp-json\/wp\/v2\/posts\/1270","targetHints":{"allow":["GET"]}}],"collection":[{"href":"https:\/\/www.karen-susan-fessel.de\/index.php\/wp-json\/wp\/v2\/posts"}],"about":[{"href":"https:\/\/www.karen-susan-fessel.de\/index.php\/wp-json\/wp\/v2\/types\/post"}],"author":[{"embeddable":true,"href":"https:\/\/www.karen-susan-fessel.de\/index.php\/wp-json\/wp\/v2\/users\/2"}],"replies":[{"embeddable":true,"href":"https:\/\/www.karen-susan-fessel.de\/index.php\/wp-json\/wp\/v2\/comments?post=1270"}],"version-history":[{"count":5,"href":"https:\/\/www.karen-susan-fessel.de\/index.php\/wp-json\/wp\/v2\/posts\/1270\/revisions"}],"predecessor-version":[{"id":1285,"href":"https:\/\/www.karen-susan-fessel.de\/index.php\/wp-json\/wp\/v2\/posts\/1270\/revisions\/1285"}],"wp:attachment":[{"href":"https:\/\/www.karen-susan-fessel.de\/index.php\/wp-json\/wp\/v2\/media?parent=1270"}],"wp:term":[{"taxonomy":"category","embeddable":true,"href":"https:\/\/www.karen-susan-fessel.de\/index.php\/wp-json\/wp\/v2\/categories?post=1270"},{"taxonomy":"post_tag","embeddable":true,"href":"https:\/\/www.karen-susan-fessel.de\/index.php\/wp-json\/wp\/v2\/tags?post=1270"}],"curies":[{"name":"wp","href":"https:\/\/api.w.org\/{rel}","templated":true}]}}