{"id":1298,"date":"2017-10-03T22:57:19","date_gmt":"2017-10-03T20:57:19","guid":{"rendered":"http:\/\/www.karen-susan-fessel.de\/?p=1298"},"modified":"2017-10-29T13:02:42","modified_gmt":"2017-10-29T11:02:42","slug":"die-monatsbotin-oktober-2017-notizen-aus-dem-vierten-stock","status":"publish","type":"post","link":"https:\/\/www.karen-susan-fessel.de\/index.php\/die-monatsbotin-oktober-2017-notizen-aus-dem-vierten-stock\/","title":{"rendered":"Die Monatsbotin Oktober 2017 \/\/ Notizen aus dem vierten Stock"},"content":{"rendered":"<p><strong>Hier kommt die achtundvierzigste Ausgabe der\u00a0Monatsbotin\u00a0von Karen-Susan Fessel \u2013 mit Notizen, Gedanken und Terminen vom Schreibtisch aus dem vierten Stock in Berlin-Kreuzberg!<\/strong><\/p>\n<p>Wem sie gef\u00e4llt: liebend gern weiterempfehlen! Eine kurze Mail mit dem Hinweis \u201eMonatsbotin gew\u00fcnscht\u201c an\u00a0<a href=\"mailto:kontakt@karen-susan-fessel.de\">kontakt@karen-susan-fessel.de<\/a>\u00a0\u2013 und schon liegt sie Monat f\u00fcr Monat im virtuellen Briefkasten &#8230;<\/p>\n<p><strong>Viel Spa\u00df beim Lesen w\u00fcnscht Karen-Susan Fessel!<\/strong><\/p>\n<p><strong>Was war?<\/strong><\/p>\n<p>Ein durchwachsener September, den ich zun\u00e4chst mit dem erneuten \u00dcberarbeiten von &#8222;Frieda Fricke &#8211; unglaublich!&#8220; verbrachte, dem zweiten Band mit der frechen Frieda in der Hauptrolle, die allerhand auf die Beine stellt, um das Spekulantentum in ihrem schleswig-holsteinischen Dorf zu unterbinden &#8230; Denn die Gentrifizierung macht ja auch vor D\u00f6rfern nicht halt!<\/p>\n<p>Den restlichen Monat aber verbrachte ich in der Hauptsache sinnierend und vorbereitend. Das ist immer so, wenn ein neuer, umfangreicher Roman f\u00fcr Erwachsene geschrieben werden will, und die Phase vor dem eigentlichen Schreiben macht mir stets besonders viel Spa\u00df. Diesmal hatte ich mich dazu ja im s\u00fcdschwedischen Halland eingemietet und eingeigelt, in einem wunderbar schlichten Apartment mit Ausblick auf eine M\u00fchle, Felder und Pferdekoppeln. Zum Kattegat waren es mit dem mitgenommenen Mountainbike f\u00fcnf Minuten, und die menschenleeren Str\u00e4nde in n\u00e4chster N\u00e4he wurden t\u00e4glich von mir und meinem kleinen vierbeinigen Begleiter aufgesucht.<\/p>\n<figure id=\"attachment_1304\" aria-describedby=\"caption-attachment-1304\" style=\"width: 284px\" class=\"wp-caption alignleft\"><img loading=\"lazy\" decoding=\"async\" class=\"wp-image-1304 \" src=\"http:\/\/www.karen-susan-fessel.de\/wp-content\/uploads\/IMG_20170914_192447-300x225.jpg\" alt=\"\" width=\"284\" height=\"213\" srcset=\"https:\/\/www.karen-susan-fessel.de\/wp-content\/uploads\/IMG_20170914_192447-300x225.jpg 300w, https:\/\/www.karen-susan-fessel.de\/wp-content\/uploads\/IMG_20170914_192447-768x576.jpg 768w, https:\/\/www.karen-susan-fessel.de\/wp-content\/uploads\/IMG_20170914_192447-1024x768.jpg 1024w\" sizes=\"auto, (max-width: 284px) 100vw, 284px\" \/><figcaption id=\"caption-attachment-1304\" class=\"wp-caption-text\">Sonnenuntergang in Haverdalsstrand<\/figcaption><\/figure>\n<figure id=\"attachment_1305\" aria-describedby=\"caption-attachment-1305\" style=\"width: 288px\" class=\"wp-caption alignright\"><img loading=\"lazy\" decoding=\"async\" class=\"wp-image-1305 \" src=\"http:\/\/www.karen-susan-fessel.de\/wp-content\/uploads\/IMG_20170918_162124-300x225.jpg\" alt=\"\" width=\"288\" height=\"216\" srcset=\"https:\/\/www.karen-susan-fessel.de\/wp-content\/uploads\/IMG_20170918_162124-300x225.jpg 300w, https:\/\/www.karen-susan-fessel.de\/wp-content\/uploads\/IMG_20170918_162124-768x576.jpg 768w, https:\/\/www.karen-susan-fessel.de\/wp-content\/uploads\/IMG_20170918_162124-1024x768.jpg 1024w\" sizes=\"auto, (max-width: 288px) 100vw, 288px\" \/><figcaption id=\"caption-attachment-1305\" class=\"wp-caption-text\">Unsere kleine tempor\u00e4re Mitbewohnerin (wohnhaft im M\u00fclleimer), die ich allerdings umgehend wieder an die schwedische Luft bef\u00f6rderte<\/figcaption><\/figure>\n<figure id=\"attachment_1303\" aria-describedby=\"caption-attachment-1303\" style=\"width: 225px\" class=\"wp-caption aligncenter\"><img loading=\"lazy\" decoding=\"async\" class=\"wp-image-1303 size-medium\" src=\"http:\/\/www.karen-susan-fessel.de\/wp-content\/uploads\/IMG_20170913_192352-225x300.jpg\" alt=\"\" width=\"225\" height=\"300\" srcset=\"https:\/\/www.karen-susan-fessel.de\/wp-content\/uploads\/IMG_20170913_192352-225x300.jpg 225w, https:\/\/www.karen-susan-fessel.de\/wp-content\/uploads\/IMG_20170913_192352-768x1024.jpg 768w\" sizes=\"auto, (max-width: 225px) 100vw, 225px\" \/><figcaption id=\"caption-attachment-1303\" class=\"wp-caption-text\">Luki auf den Klippen in Steninge-Strand<\/figcaption><\/figure>\n<figure id=\"attachment_1302\" aria-describedby=\"caption-attachment-1302\" style=\"width: 300px\" class=\"wp-caption alignright\"><img loading=\"lazy\" decoding=\"async\" class=\"wp-image-1302 size-medium\" src=\"http:\/\/www.karen-susan-fessel.de\/wp-content\/uploads\/IMG_20170913_170849-300x225.jpg\" alt=\"\" width=\"300\" height=\"225\" srcset=\"https:\/\/www.karen-susan-fessel.de\/wp-content\/uploads\/IMG_20170913_170849-300x225.jpg 300w, https:\/\/www.karen-susan-fessel.de\/wp-content\/uploads\/IMG_20170913_170849-768x576.jpg 768w, https:\/\/www.karen-susan-fessel.de\/wp-content\/uploads\/IMG_20170913_170849-1024x768.jpg 1024w\" sizes=\"auto, (max-width: 300px) 100vw, 300px\" \/><figcaption id=\"caption-attachment-1302\" class=\"wp-caption-text\">Unsere weiteren Mitbewohnerinnen, wohnhaft au\u00dferh\u00e4usig<\/figcaption><\/figure>\n<figure id=\"attachment_1301\" aria-describedby=\"caption-attachment-1301\" style=\"width: 225px\" class=\"wp-caption alignnone\"><img loading=\"lazy\" decoding=\"async\" class=\"wp-image-1301 size-medium\" src=\"http:\/\/www.karen-susan-fessel.de\/wp-content\/uploads\/IMG_20170913_145331-225x300.jpg\" alt=\"\" width=\"225\" height=\"300\" srcset=\"https:\/\/www.karen-susan-fessel.de\/wp-content\/uploads\/IMG_20170913_145331-225x300.jpg 225w, https:\/\/www.karen-susan-fessel.de\/wp-content\/uploads\/IMG_20170913_145331-768x1024.jpg 768w\" sizes=\"auto, (max-width: 225px) 100vw, 225px\" \/><figcaption id=\"caption-attachment-1301\" class=\"wp-caption-text\">Mein tempor\u00e4rer Arbeitsplatz<\/figcaption><\/figure>\n<p>Beste Voraussetzungen f\u00fcr meine Schreibklausur und die Gr\u00fcbelphase, die aber auch \u00e4u\u00dferst knifflig sein kann, wie ich diesmal wieder neu bemerken musste: Zwar steht das grobe Ger\u00fcst &#8211; oder, anders ausgedr\u00fcckt, das Handlungskonzept -, aber die Erz\u00e4hlperspektive bereitet mir noch Kopfzerbrechen. Ich muss also noch ein wenig weiter sinnieren, bevor es an den Schreibprozess geht. Dass damit bereits jetzt der Abgabetermin im Juli 2018 leicht ins Wanken ger\u00e4t, l\u00e4sst sich leider nicht \u00e4ndern. Wenn aber alles glatt geht, erscheint der Roman mit dem Arbeitstitel &#8222;Anderswo&#8220; im Oktober 2018. Wenn nicht, dann eben sp\u00e4ter &#8230;<\/p>\n<p>Zur\u00fcck in Berlin, hatte ich die Freude, der stolzen Gewinnerin Margit K. aus Innsbruck den Reisef\u00fchrer Toskana und die dazugeh\u00f6re Stra\u00dfenkarte zuschicken zu d\u00fcrfen, denn sie hatte als Erste Einsenderin den Monte Amiata richtigerweise als L\u00f6sung des Preisr\u00e4tsels erkannt. Und f\u00e4hrt n\u00e4chsten Monat gleich selbst dorthin &#8230;<\/p>\n<p>Danach lag &#8222;Frieda Fricke &#8211; unglaublich!&#8220; dann noch einmal auf meinem Schreibtisch, f\u00fcr den dritten und letzten Durchgang des Lektorats. Einmal aber kommt das Manuskript dann noch einmal zu mir, diesmal dann in Gestalt der sogenannten Fahnen, also der druckreif gesetzten Fassung, die ich dann endg\u00fcltig abzusegnen habe, bevor sie in Druck geht.<\/p>\n<p><strong>Und was kommt?<\/strong><\/p>\n<p>Allerhand Spannendes: Zun\u00e4chst einmal geht es am Wochenende an die Ostsee zum selbstorganisierten Treffen der Cousinen und Cousins unserer Familie, den Nachkommen meiner Mutter und ihrer sechs Geschwister. Nur vier von uns werden leider nicht dabei sein, aber auch die verbleibenden 13 haben sich teils seit vielen Jahren, einige seit Jahrzehnten nicht gesehen. Das wird sicher sehr aufregend &#8230;<\/p>\n<p>Dann folgt am 13. Oktober in Berlin die erste Herbstveranstaltung f\u00fcr mich, und das ist eine ganz besondere: Zusammen mit Oliver Sechting pr\u00e4sentiere ich im Buchladen Eisenherz seine Autobiografie &#8222;<a href=\"https:\/\/www.psychiatrie-verlag.de\/buecher\/detail\/book-detail\/der-zahlendieb.html\">Der Zahlendieb<\/a>&#8222;, an der ich als Co-Autorin und Lektorin mitgearbeitet habe. Oliver Sechting, Sozialp\u00e4dagoge, Vorstandsmitglied der Deutschen Gesellschaft f\u00fcr Zwangserkrankungen und langj\u00e4hriger Lebensgef\u00e4hrte des Filmemachers Rosa von Praunheim, erz\u00e4hlt in &#8222;Der Zahlendieb&#8220; von seinem ganz pers\u00f6nlichen Kampf mit seiner schwierigen Biografie und seiner Zwangserkrankung. Ich habe diese sehr besondere Lebensgeschichte verschlungen, als ich sie als Lektoratsanfrage auf dem Tisch liegen hatte, und freue mich sehr dar\u00fcber, dass ich daran mitarbeiten durfte.<\/p>\n<p>Am 19. Oktober dann wiederum habe ich die Ehre, wieder einmal auf einem Podium mitzudiskutieren: Im Berliner Theater im Aufbauhaus feiert das St\u00fcck &#8222;Eva, Adam &amp; ich&#8220; der Frl. Wunder AG Premiere, das die Biographien intersexueller Menschen thematisiert; das moderierte Nachgespr\u00e4ch dazu wird sicher spannend!<\/p>\n<p>Weiter geht es dann nach Meppen in Niedersachsen, wo ich ja den gr\u00f6\u00dften Teil meiner Kindheit und Jugend verbracht habe, vorrangig im Stadtteil Esterfeld. Dort liegt auch die Anne-Frank-Schule, deren 9. Klassen ich am 24. Oktober mit einer Lesung aus &#8222;<a href=\"http:\/\/www.oetinger.de\/otb\/buecher\/neuerscheinungen\/details\/titel\/3-86418-046-5\/24005\/3416\/Autor\/Karen-Susan\/Fessel\/Alles_ist_echt.html\">Alles ist echt<\/a>&#8220; und weiteren Werken zu erfreuen hoffe. Um anschlie\u00dfend nach Bremen zu reisen und dort in drei Stadtteilbibliotheken sowie der Zentralbibliothek zweimal aus &#8222;<a href=\"https:\/\/www.kosmos.de\/buecher\/kinder-jugendbuch\/kinderbuch\/8214\/frieda-fricke-unmoeglich\">Frieda Fricke &#8211; unm\u00f6glich!<\/a>&#8220; und &#8222;Alles ist echt&#8220; vorzulesen. Bremen stand schon l\u00e4ngere Zeit nicht mehr auf meinem Reiseplan, weshalb ich mich nun besonders darauf freue. Wird dort doch mein abendliches Lieblingsgetr\u00e4nk gebraut &#8230;<\/p>\n<p>Einen friedlichen Oktober w\u00fcnscht Karen-Susan Fessel!<\/p>\n<p><strong>\u00d6ffentliche Termine im<\/strong>\u00a0<b>Oktober<\/b>: 13. Oktober, 20.30h: Berlin-Sch\u00f6neberg, Eisenherz Buchladen, Motzstr. 23, Sch\u00f6neberg: Lesung mit Oliver Sechting aus &#8222;Der Zahlendieb&#8220; \/ 19. Oktober, 20h: Berlin-Kreuzberg, Theater im Aufbauhaus, Prinzenstr. 85f: &#8222;Adam, Eva &amp; ich&#8220;, Premiere und Nachgespr\u00e4ch<\/p>\n<p><strong>Onlineworkshops<\/strong>: Der n\u00e4chste Kreativ-Quickie startet am 4. Oktober &#8211; Informationen und Anmeldung auch f\u00fcr die weiteren \u00a0Workshops \u201eMein Buch\u201c und \u201eBiografisches Schreiben\u201c sowie Einzelcoaching unter\u00a0<a href=\"http:\/\/www.karen-susan-fessel.de\/seminare\">www.karen-susan-fessel.de\/seminare<\/a><\/p>\n<p><strong>Ausgelesen<\/strong>:\u00a0<em>\u00a0Sylvain Tesson<\/em><em>: In den W\u00e4ldern Sibiriens &#8211; Tagebuch aus der Einsamkeit<\/em>\/ Eigentlich finde ich Biografien von Einsiedlern ja spannend, vor allem, wenn sie sich in winterlichen Gefilden aufhalten. Aber Tessons preisgekr\u00f6nter Bericht \u00fcber sein halbes Jahr am Baikalsee hat mich eher ange\u00f6det denn gepackt, was haupts\u00e4chlich an seinen selbstverliebten, zu Hauf eingestreuten Lebensweisheiten lag. Was dieser gelegentlich zum Selbstmitleid neigende Schlaumeier da oben im Norden tat und dachte und wie viel Wodka er mit seinen Eremitenkollegen trank, hat mich schlichtweg nicht weiter interessiert. \/\/ <em>Henning Mankell: Wallanders erster Fall<\/em> \/ Nach Mankells abschlie\u00dfendem Werk <em>Die schwedischen Gummistiefel <\/em>machte ich mich jetzt doch noch daran, eins seiner ersten zu lesen, und das eigentlich durch Zufall, denn der aus mehreren Erz\u00e4hlungen bestehende Band lag eines Morgens vor meiner Wohnungst\u00fcr, mir vermutlich vom Zeitungsboten zugedacht, der das gebrauchte Buch wiederum im Hof gefunden haben wird. Manche dieser Morgengaben habe ich gleich wieder unten zur\u00fcckgelegt, dies aber auf meine Schwedenreise eingepackt &#8211; und mit Genuss gelesen. Die Texte sind vor den Wallander-Krimis entstanden und erz\u00e4hlen Wallanders Werdegang bis zum ersten gro\u00dfen Fall; durchaus spannend, hie und da ein wenig holprig, aber immer gut zu lesen. Ein bisschen wie ein Lehrst\u00fcck, als lie\u00dfe Mankell uns an seiner Entwicklung zum Krimiautor am praktischen Beispiel teilhaben. \/\/ <em>Jo Nesb\u00f8: Durst<\/em> \/ Und richtig packend geraten ist Nesb\u00f8s neuester Wurf, f\u00fcr mich die beste seiner bisherigen Arbeiten. Harry Hole ist wieder zur\u00fcck und assistiert seiner fr\u00fcheren Kollegin Katrine Bratt beim Aufsp\u00fcren eines Vampiristen, der die beiden schon Jahre zuvor auf Trab gehalten hat. \u00c4u\u00dferst blutr\u00fcnstig, ein wenig \u00fcbertrieben, aber ungemein fesselnd geschrieben. Wenn schon, denn schon &#8211; der Norwegische Starautor hat hier so richtig aus dem Vollen gesch\u00f6pft.<\/p>\n<div class=\"mceTemp\"><\/div>\n","protected":false},"excerpt":{"rendered":"<p>Hier kommt die achtundvierzigste Ausgabe der\u00a0Monatsbotin\u00a0von Karen-Susan Fessel \u2013 mit Notizen, Gedanken und Terminen vom Schreibtisch aus dem vierten Stock in Berlin-Kreuzberg! Wem sie gef\u00e4llt: liebend gern weiterempfehlen! Eine kurze Mail mit dem Hinweis \u201eMonatsbotin gew\u00fcnscht\u201c an\u00a0kontakt@karen-susan-fessel.de\u00a0\u2013 und schon liegt sie Monat f\u00fcr Monat im virtuellen Briefkasten &#8230; Viel Spa\u00df beim Lesen w\u00fcnscht Karen-Susan Fessel! &hellip; <\/p>\n<p class=\"link-more\"><a href=\"https:\/\/www.karen-susan-fessel.de\/index.php\/die-monatsbotin-oktober-2017-notizen-aus-dem-vierten-stock\/\" class=\"more-link\"><span class=\"screen-reader-text\">\u201eDie Monatsbotin Oktober 2017 \/\/ Notizen aus dem vierten Stock\u201c <\/span>weiterlesen<\/a><\/p>\n","protected":false},"author":2,"featured_media":0,"comment_status":"open","ping_status":"open","sticky":false,"template":"","format":"standard","meta":{"footnotes":""},"categories":[1,3],"tags":[],"class_list":["post-1298","post","type-post","status-publish","format-standard","hentry","category-allgemein","category-neues-vom-schreibtisch"],"_links":{"self":[{"href":"https:\/\/www.karen-susan-fessel.de\/index.php\/wp-json\/wp\/v2\/posts\/1298","targetHints":{"allow":["GET"]}}],"collection":[{"href":"https:\/\/www.karen-susan-fessel.de\/index.php\/wp-json\/wp\/v2\/posts"}],"about":[{"href":"https:\/\/www.karen-susan-fessel.de\/index.php\/wp-json\/wp\/v2\/types\/post"}],"author":[{"embeddable":true,"href":"https:\/\/www.karen-susan-fessel.de\/index.php\/wp-json\/wp\/v2\/users\/2"}],"replies":[{"embeddable":true,"href":"https:\/\/www.karen-susan-fessel.de\/index.php\/wp-json\/wp\/v2\/comments?post=1298"}],"version-history":[{"count":6,"href":"https:\/\/www.karen-susan-fessel.de\/index.php\/wp-json\/wp\/v2\/posts\/1298\/revisions"}],"predecessor-version":[{"id":1323,"href":"https:\/\/www.karen-susan-fessel.de\/index.php\/wp-json\/wp\/v2\/posts\/1298\/revisions\/1323"}],"wp:attachment":[{"href":"https:\/\/www.karen-susan-fessel.de\/index.php\/wp-json\/wp\/v2\/media?parent=1298"}],"wp:term":[{"taxonomy":"category","embeddable":true,"href":"https:\/\/www.karen-susan-fessel.de\/index.php\/wp-json\/wp\/v2\/categories?post=1298"},{"taxonomy":"post_tag","embeddable":true,"href":"https:\/\/www.karen-susan-fessel.de\/index.php\/wp-json\/wp\/v2\/tags?post=1298"}],"curies":[{"name":"wp","href":"https:\/\/api.w.org\/{rel}","templated":true}]}}