{"id":1437,"date":"2018-04-03T15:17:11","date_gmt":"2018-04-03T13:17:11","guid":{"rendered":"http:\/\/www.karen-susan-fessel.de\/?p=1437"},"modified":"2018-04-03T15:23:52","modified_gmt":"2018-04-03T13:23:52","slug":"die-monatsbotin-april-2018-notizen-aus-dem-vierten-stock","status":"publish","type":"post","link":"https:\/\/www.karen-susan-fessel.de\/index.php\/die-monatsbotin-april-2018-notizen-aus-dem-vierten-stock\/","title":{"rendered":"Die Monatsbotin April 2018 \/\/ Notizen aus dem vierten Stock"},"content":{"rendered":"<p><strong>Hier kommt die vierundf\u00fcnfzigste Ausgabe der\u00a0Monatsbotin\u00a0von Karen-Susan Fessel \u2013 mit Notizen, Gedanken und Terminen vom Schreibtisch aus dem vierten Stock in Berlin-Kreuzberg!<\/strong><\/p>\n<p>Wem sie gef\u00e4llt: liebend gern weiterempfehlen! Eine kurze Mail mit dem Hinweis \u201eMonatsbotin gew\u00fcnscht\u201c an\u00a0<a href=\"mailto:kontakt@karen-susan-fessel.de\">kontakt@karen-susan-fessel.de<\/a>\u00a0\u2013 und schon liegt sie Monat f\u00fcr Monat im virtuellen Briefkasten &#8230;<\/p>\n<p><strong>Viel Spa\u00df beim Lesen w\u00fcnscht Karen-Susan Fessel!<\/strong><\/p>\n<p><strong>Was war?<\/strong><\/p>\n<p>Ein trotz seiner 31 Tage viel zu kurzer Monat M\u00e4rz, der durch wechselhaftes Wetter und abwechslungsreiche T\u00e4tigkeiten gl\u00e4nzte. Zun\u00e4chst stand am 6. M\u00e4rz die erste Lesung des Jahres auf dem Programm: die Achtkl\u00e4ssler des Rosa-Luxemburg-Gymnasiums in Berlin-Pankow durfte ich in der Janusz-Korczak-Bibliothek mit &#8222;Alles ist echt&#8220; und weiteren Werken erfreuen, gute zehn Tage sp\u00e4ter ging es dann auf die Leipziger Messe, um zwei meiner drei Neuerscheinungen dieses Fr\u00fchlings zu pr\u00e4sentieren: Zuerst im Duett mit der Illustratorin Heidi Kull unser gemeinsames\u00a0 Bilderbuch &#8222;<a href=\"https:\/\/www.psychiatrie-verlag.de\/buecher\/detail\/book-detail\/nebeltage-glitzertage.html\">Nebeltage, Glitzertage &#8211; Kindern bipolare St\u00f6rungen erkl\u00e4ren<\/a>&#8220; (Psychatrie-Verlag, ab 4),<\/p>\n<p><img loading=\"lazy\" decoding=\"async\" class=\"alignleft wp-image-1352 size-medium\" src=\"http:\/\/www.karen-susan-fessel.de\/wp-content\/uploads\/mutter-zieht-aus_9783887696801_295-185x300.jpg\" alt=\"Mutter zieht aus\" width=\"185\" height=\"300\" srcset=\"https:\/\/www.karen-susan-fessel.de\/wp-content\/uploads\/mutter-zieht-aus_9783887696801_295-185x300.jpg 185w, https:\/\/www.karen-susan-fessel.de\/wp-content\/uploads\/mutter-zieht-aus_9783887696801_295.jpg 294w\" sizes=\"auto, (max-width: 185px) 100vw, 185px\" \/><\/p>\n<p><img loading=\"lazy\" decoding=\"async\" class=\"wp-image-1407 alignright\" src=\"http:\/\/www.karen-susan-fessel.de\/wp-content\/uploads\/Nebeltage-300x182.jpg\" alt=\"\" width=\"474\" height=\"287\" srcset=\"https:\/\/www.karen-susan-fessel.de\/wp-content\/uploads\/Nebeltage-300x182.jpg 300w, https:\/\/www.karen-susan-fessel.de\/wp-content\/uploads\/Nebeltage-768x467.jpg 768w, https:\/\/www.karen-susan-fessel.de\/wp-content\/uploads\/Nebeltage.jpg 987w\" sizes=\"auto, (max-width: 474px) 100vw, 474px\" \/><\/p>\n<p>&nbsp;<\/p>\n<p>&nbsp;<\/p>\n<p>&nbsp;<\/p>\n<p>dann meinen Roman &#8222;Mutter zieht aus&#8220; (konkursbuch Verlag Claudia Gehrke). Messelesungen sind ja immer ein Fall f\u00fcr sich &#8211; gern nutzen ersch\u00f6pfte Messebesucher die raren Sitzpl\u00e4tze zum Stullen verzehren und Handynachrichten abrufen -, aber zum Gl\u00fcck waren beide f\u00fcr den Sonntag angesetzt und die hohen Schneeverwehungen des pl\u00f6tzlichen Wintereinbruchs stellten kein Hindernis mehr dar.<\/p>\n<p>Am 21. stellte ich dann in der Stadt- und Landesbibliothek im Bildungsforum Potsdam meine dritte<img loading=\"lazy\" decoding=\"async\" class=\"alignright wp-image-1385\" src=\"http:\/\/www.karen-susan-fessel.de\/wp-content\/uploads\/Cover-Frieda-2-210x300.jpg\" alt=\"Frieda Fricke - unglaublich! (ab 8, Kinderbuch, Kosmos Verlag 2018)\" width=\"141\" height=\"201\" srcset=\"https:\/\/www.karen-susan-fessel.de\/wp-content\/uploads\/Cover-Frieda-2-210x300.jpg 210w, https:\/\/www.karen-susan-fessel.de\/wp-content\/uploads\/Cover-Frieda-2.jpg 419w\" sizes=\"auto, (max-width: 141px) 100vw, 141px\" \/><\/p>\n<p>Fr\u00fchjahrsneuerscheinung &#8222;<a href=\"https:\/\/www.kosmos.de\/buecher\/kinder-jugendbuch\/kinderbuch\/9513\/frieda-fricke-unglaublich\">Frieda Fricke &#8211; unglaublich!<\/a>&#8220; (Kosmos, ab 8) vor.\u00a0 Gleich vier 4. Klassen lauschten am\u00fcsiert, wie Frieda und Mitja es hinkriegen, eine Schubkarre voller Schafskacke zu sammeln, die einem bestimmten, aber sehr guten Zweck dient &#8230;<\/p>\n<p>Zwischen diesen Terminen standen nat\u00fcrlich auch die Online-Workshops auf dem Programm &#8211; und selbstverst\u00e4ndlich die Schreibarbeit am kommenden Roman, dazu einiges an\u00a0<span style=\"font-size: 1rem;\">Organisatorischem:\u00a0 die Akquise von Lesungen zeitigt Wirkung: &#8222;Mutter zieht aus&#8220; werde ich in diesem Jahr auf jeden Fall in folgenden St\u00e4dten pr\u00e4sentieren: 6. April:\u00a0 M\u00f6nchengladbach, 19. April und 17. Mai: Berlin, 29. Mai: Osnabr\u00fcck, 30. Mai: M\u00fclheim\/Ruhr, 20. Juni: Wadern, 21. Juni: Saarbr\u00fccken, 1. September: Hamburg, 4. September: Mildstedt, 6. September: Heide, 7. April: Westerland, 13. September: Meppen, 18. Oktober.:Kassel. Weitere Lesungen sind in Vorbereitung!\u00a0<\/span><\/p>\n<p><span style=\"font-size: 1rem;\">Und Pressearbeit stand auch an.<\/span><span style=\"font-size: 1rem;\">\u00a0Kleine Kostprobe gef\u00e4llig? Das\u00a0<\/span><span style=\"font-size: 1rem;\">aktuelle Interview mit dem queeren Bielefelder Stadtmagazin weird &#8211; <\/span><a style=\"font-size: 1rem;\" href=\"http:\/\/www.weird-bielefeld.de\/index-Dateien\/vita126.htm\">hier<\/a><span style=\"font-size: 1rem;\"> zum Nachlesen &#8230;<\/span><\/p>\n<p><strong>Und was kommt? <\/strong><\/p>\n<p>Viele Lesungen stehen an, wie immer im April: &#8222;Mutter zieht aus&#8220; steht gleich mehrfach auf dem Programm: am 6. April in der Buchhandlung Prolibri in M\u00f6nchengladbach, am 19. als Berlin-Premiere im &#8222;Goldenen Handwerk&#8220;, eine der wenigen noch erhaltenen und von mir hei\u00dfgeliebten original Berliner Eckkneipe in meiner eigenen Stra\u00dfe &#8211; wo Hund Luki \u00fcbrigens t\u00e4glich vom freundlichen Wirt mit Leckerlis hereingelockt und verw\u00f6hnt wird. Zwischen 12 und 15h werden dort werktags auch die menschlichen G\u00e4ste verk\u00f6stigt, mit \u00fcppiger zumeist deutscher Hausmannskost.<\/p>\n<p>Danach sind dann erstmal wieder die Kinder dran &#8211; in der Stadtb\u00fccherei Falkenhagener Feld, der Grundschule Menschenskinder in Sch\u00f6nwalde-Glien und der Amerika-Gedenkbibliothek. Was \u00fcbrigens bislang der meiner Wohnung im vierten Stock am n\u00e4chsten gelegene Leseort war, aber das ist dann pass\u00e9, denn das Goldene Handwerk liegt n\u00e4her!<\/p>\n<p>Und danach geht es dann auch wieder in die Akademie Waldschl\u00f6sschen, um beim Treffen HIV-positiver Frauen zu meiner gro\u00dfen Freude neuerlich einen Schreibworkshop zu leiten.<\/p>\n<p>Und dazwischen werden noch die Onlineworkshops betreut, und nat\u00fcrlich\u00a0<span style=\"font-size: 1rem;\">wird<\/span><span style=\"font-size: 1rem;\">\u00a0<\/span><span style=\"font-size: 1rem;\">\u00a0geschrieben &#8211; nebenbei an einem internen Projekt, vorrangig aber am neuen Roman, \u00fcber den ich noch nicht viel erz\u00e4hlen m\u00f6chte.\u00a0 Und wer mir jetzt zuerst schreibt, warum ich anfangs \u00fcber meine in Arbeit befindlichen B\u00fccher noch nicht reden m\u00f6chte und ab welchem Stadium dann doch, der bekommt ein handsigniertes Exemplar von &#8222;Nebeltage, Glitzertage&#8220; zugeschickt &#8230;<\/span><\/p>\n<p>Einen munteren April w\u00fcnscht Karen-Susan Fessel!<\/p>\n<p><strong>\u00d6ffentliche Termine im<\/strong>\u00a0<span style=\"color: #000000;\"><b>April<\/b><\/span>:\u00a0 6. April, 19h, M\u00f6nchengladbach, Buchhandlung Prolibri, Schillerstra\u00dfe 22 : Lesung aus &#8222;Mutter zieht aus&#8220; \/ 19. April, 20h Berlin-Kreuzberg, Zum Goldenen Handwerk, Obentrautstr. 36: Lesung aus &#8222;Mutter zieht aus&#8220;<\/p>\n<p><strong>Online Workshops:<\/strong> Die neuen Onlineworkshop &#8222;Der Kreativ-Quickie&#8220; und &#8222;Biografisches Schreiben&#8220; starten am 3. April und am 3. Mai &#8211; Informationen und Anmeldung auch f\u00fcr die weiteren \u00a0Workshops sowie Einzelcoaching unter\u00a0<a href=\"http:\/\/www.karen-susan-fessel.de\/seminare\">www.karen-susan-fessel.de\/seminare<\/a><\/p>\n<p><strong>Ausgelesen<\/strong>:\u00a0<em>\u00a0Lizzie Doron<\/em><em>: Who the Fuck is Kafka<\/em>\u00a0\/ Mit diesem Buch hat die spannende israelische Autorin ihre literarische Besch\u00e4ftigung mit der &#8222;zweiten Generation&#8220; der Holocaust-Nachgeborenen abgeschlossen, was ich in der Tat bedauere. Als eine Art Zwiegespr\u00e4ch zwischen ihr und einem arabischen Israeli fungiert dieses Buch zugleich aber auch als faszinierendes Dokument einer bislang vergeblichen Ann\u00e4herung, die viele erstaunliche Einsichten er\u00f6ffnet. \/\/ <em>Lizzie Doron: Sweet Occupation<\/em> \/ Unmittelbar daran schlie\u00dft dann Dorons neuestes Werk an, mit dem ich allerdings nur wenig anfangen kann. Der ehrgeizige Versuch, den Boden f\u00fcr einen vielleicht auch nur br\u00fcchigen Frieden zwischen Juden und Arabern in Israel vorzubereiten, indem die Autorin die Bewegung der Friedensk\u00e4mpfer portr\u00e4tiert, wirkt auf mich zusammengestoppelt und hingehetzt und l\u00e4sst genau jene Eindringlichkeit vermissen, f\u00fcr die ich Doron so sch\u00e4tze. Schade, aber geht sie literarisch eben einen neuen Weg, auf dem zumindest ich ihr nicht folgen m\u00f6chte. \/\/ <em>Amira Hass: Bericht aus Ramallah. Eine israelische Journalistin im Pal\u00e4stinensergebiet<\/em>\u00a0\/ Diese Sammlung von Reportagen aus dem Westjordanland, verfasst von der einzigen dort lebenden israelischen Journalistin, hat mich dann schon eher gepackt. In n\u00fcchterner Sprache schildert Hass nahezu wertfrei die gro\u00dfen und kleinen Schikanen, unter denen die Pal\u00e4stinenser zu leiden haben. Die Frage, ob die Bev\u00f6lkerung Israels und Pal\u00e4stinas jemals in Frieden zusammenleben kann, bleibt nach der Lekt\u00fcre der vor gut zehn Jahren entstandenen Texte auch weiterhin unbeantwortet. \/\/ <em>Hans-Peter F\u00f6hrding und Heinz Verf\u00fcrth: Als die Juden nach Deutschland flohen<\/em> \/ Das ist spannende Geschichtslekt\u00fcre: Dieser locker geschriebene Bericht \u00fcber ein vergessenes Kapitel deutscher Nachkriegsgeschichte hat mich immer wieder in Erstaunen versetzt. Die beiden\u00a0 Autoren schildern das Leben in den Lagern f\u00fcr Displaced Persons, in denen sich nach Kriegsende zigtausende heimatlose Juden vor\u00fcbergehend einrichteten. Teils bis 1957 lebten sie abgeschottet von den deutschen Nachbarn, die ihnen noch kurz zuvor nach dem Leben trachteten, zogen Kinder auf, bereiteten sich auf die Ausreise nach Erez Israel vor, die dann doch oft nicht stattfand. Eine Art Niemandsland f\u00fcr Verfolgte, Vertriebene und Gequ\u00e4lte, bis sie am Ende dann auch von dort vertrieben wurden &#8230; \/\/ <em>Daniel Schreiber: N\u00fcchtern. \u00dcber das Trinken und das Gl\u00fcck<\/em> \/ Ein wenig mehr hatte ich mir dennoch erwartet, obwohl Schreiber wirklich ausf\u00fchrlich und fundiert recherchiert hat: Wie Alkoholmissbrauch in unserer Gesellschaft geduldet und gest\u00fctzt wird, beschreibt er gekonnt und niemals langweilig. Aber wie genau sein pers\u00f6nlicher Alkoholkonsum aussah, welchen Unterschied das N\u00fcchternsein dann wirklich macht und wie genau dessen Qualit\u00e4ten aussehen, das steht dann irgendwie doch nicht in diesem Buch &#8211; und l\u00e4sst mich vielleicht nicht n\u00fcchtern, aber ein bisschen ern\u00fcchtert zur\u00fcck.<\/p>\n","protected":false},"excerpt":{"rendered":"<p>Hier kommt die vierundf\u00fcnfzigste Ausgabe der\u00a0Monatsbotin\u00a0von Karen-Susan Fessel \u2013 mit Notizen, Gedanken und Terminen vom Schreibtisch aus dem vierten Stock in Berlin-Kreuzberg! Wem sie gef\u00e4llt: liebend gern weiterempfehlen! Eine kurze Mail mit dem Hinweis \u201eMonatsbotin gew\u00fcnscht\u201c an\u00a0kontakt@karen-susan-fessel.de\u00a0\u2013 und schon liegt sie Monat f\u00fcr Monat im virtuellen Briefkasten &#8230; Viel Spa\u00df beim Lesen w\u00fcnscht Karen-Susan Fessel! &hellip; <\/p>\n<p class=\"link-more\"><a href=\"https:\/\/www.karen-susan-fessel.de\/index.php\/die-monatsbotin-april-2018-notizen-aus-dem-vierten-stock\/\" class=\"more-link\"><span class=\"screen-reader-text\">\u201eDie Monatsbotin April 2018 \/\/ Notizen aus dem vierten Stock\u201c <\/span>weiterlesen<\/a><\/p>\n","protected":false},"author":2,"featured_media":0,"comment_status":"open","ping_status":"open","sticky":false,"template":"","format":"standard","meta":{"footnotes":""},"categories":[1,3],"tags":[],"class_list":["post-1437","post","type-post","status-publish","format-standard","hentry","category-allgemein","category-neues-vom-schreibtisch"],"_links":{"self":[{"href":"https:\/\/www.karen-susan-fessel.de\/index.php\/wp-json\/wp\/v2\/posts\/1437","targetHints":{"allow":["GET"]}}],"collection":[{"href":"https:\/\/www.karen-susan-fessel.de\/index.php\/wp-json\/wp\/v2\/posts"}],"about":[{"href":"https:\/\/www.karen-susan-fessel.de\/index.php\/wp-json\/wp\/v2\/types\/post"}],"author":[{"embeddable":true,"href":"https:\/\/www.karen-susan-fessel.de\/index.php\/wp-json\/wp\/v2\/users\/2"}],"replies":[{"embeddable":true,"href":"https:\/\/www.karen-susan-fessel.de\/index.php\/wp-json\/wp\/v2\/comments?post=1437"}],"version-history":[{"count":4,"href":"https:\/\/www.karen-susan-fessel.de\/index.php\/wp-json\/wp\/v2\/posts\/1437\/revisions"}],"predecessor-version":[{"id":1458,"href":"https:\/\/www.karen-susan-fessel.de\/index.php\/wp-json\/wp\/v2\/posts\/1437\/revisions\/1458"}],"wp:attachment":[{"href":"https:\/\/www.karen-susan-fessel.de\/index.php\/wp-json\/wp\/v2\/media?parent=1437"}],"wp:term":[{"taxonomy":"category","embeddable":true,"href":"https:\/\/www.karen-susan-fessel.de\/index.php\/wp-json\/wp\/v2\/categories?post=1437"},{"taxonomy":"post_tag","embeddable":true,"href":"https:\/\/www.karen-susan-fessel.de\/index.php\/wp-json\/wp\/v2\/tags?post=1437"}],"curies":[{"name":"wp","href":"https:\/\/api.w.org\/{rel}","templated":true}]}}