{"id":1450,"date":"2018-04-25T11:36:55","date_gmt":"2018-04-25T09:36:55","guid":{"rendered":"http:\/\/www.karen-susan-fessel.de\/?p=1450"},"modified":"2018-04-25T11:39:13","modified_gmt":"2018-04-25T09:39:13","slug":"welttag-des-buches-am-23-april-2018","status":"publish","type":"post","link":"https:\/\/www.karen-susan-fessel.de\/index.php\/welttag-des-buches-am-23-april-2018\/","title":{"rendered":"Welttag des Buches am 23. April 2018"},"content":{"rendered":"<p>Und was macht eine waschechte Schriftstellerin an diesem bedeutsamen Tage? Das steht <a href=\"http:\/\/www.maz-online.de\/Lokales\/Havelland\/Schoenwalde-Glien\/Schriftstellerin-begeistert-Schoenwalder-Kinder\">hier<\/a> &#8230; in der M\u00e4rkischen Allgemeinen Zeitung, verfasst und fotografiert von Ralf Stork<\/p>\n<div class=\"pdb-article-teaser\" data-component=\"linkblock\">\n<div class=\"pdb-article-teaser-breadcrumb\">\n<h1 class=\"pdb-article-teaser-breadcrumb-headline\"><span class=\"pdb-article-teaser-breadcrumb-headline-title\">Schriftstellerin begeistert Sch\u00f6nwalder Kinder<\/span><\/h1>\n<\/div>\n<div class=\"pdb-article-teaser-intro\">\n<div class=\"ezxmltext-field\">\n<p>Karen-Susan Fessel hat bislang 26 B\u00fccher geschrieben, zur H\u00e4lfte f\u00fcr Erwachsene zur H\u00e4lfte f\u00fcr Kinder. In der sechsten Klasse der Grundschule Menschenskinder hat sie jetzt aus zweien ihrer Titel vorgelesen und sehr anschaulich \u00fcber den Alltag als Autorin berichtet.<\/p>\n<\/div>\n<\/div>\n<\/div>\n<div class=\"pdb-image pdb-article-image\">\n<div class=\"pdb-article-image-picture\" data-imagesasyncloader=\"wrapper\"><img decoding=\"async\" title=\"Lesung in Sch\u00f6nwalder Schule zum Welttag des Buches\" src=\"http:\/\/www.maz-online.de\/var\/storage\/images\/maz\/lokales\/havelland\/schoenwalde-glien\/schriftstellerin-begeistert-schoenwalder-kinder\/688413287-3-ger-DE\/Schriftstellerin-begeistert-Schoenwalder-Kinder_big_teaser_article.jpg\" alt=\"Lesung in Sch\u00f6nwalder Schule zum Welttag des Buches\" width=\"100%\" height=\"100%\" data-copyright=\"Ralf Stork\" \/><\/div>\n<\/div>\n<div data-imagesasyncloader=\"wrapper\"><span class=\"pdb-article-body-locationlabel\">Sch\u00f6nwalde-Glien<\/span><\/p>\n<div class=\"ezxmltext-field\">\n<p>Der Welttag des Buches war zwar eigentlich schon am Montag, aber das Warten hat sich gelohnt: Mit Karen-Susan Fessel war Dienstag eine waschechte Schriftstellerin in der Klasse 6a der Grundschule Menschenskinder in Sch\u00f6nwalde zu Gast.<\/p>\n<p>Eine Schriftstellerin, die nicht nur bis jetzt 36 B\u00fccher geschrieben hat, sondern die auch mit Schwung und kindgerechten Humor \u00fcber ihren besonderen Beruf erz\u00e4hlen kann: Dar\u00fcber, dass sie B\u00fccher schreiben will, seit sie im Alter von f\u00fcnf Jahren das M\u00e4rchen von Rumpelstilzchen geh\u00f6rt hat und es gro\u00dfartig fand, dass man sich einfach so Geschichten ausdenken kann. Dar\u00fcber, wie man als Autor hofft und bangt, wenn man am Anfang ein fertiges Buch an zehn Verlage schickt und sechs Monate nichts zur\u00fcck h\u00f6rt. Immer wieder bezieht Fessel die Sch\u00fcler mit ein.<\/p>\n<div id=\"oms_intext_container\"><\/div>\n<div id=\"sdg_poster_holder\"><\/div>\n<p><a id=\"eztoc_1_1\"><\/a><\/p>\n<h2>Eines ihrer B\u00fccher ist in Japan ein Bestseller<\/h2>\n<p>\u201eWas braucht man alles, wenn man Schriftstellerin sein m\u00f6chte\u201c, will sie wissen. Viel Fantasie \u2013 sagen die meisten Kinder. Einem M\u00e4dchen f\u00e4llt noch Ausdauer ein. \u201eDann braucht man noch viel Disziplin und noch mehr Gl\u00fcck\u201c, sagt Fessel. Denn die meisten geschriebenen B\u00fccher werden am Ende nicht ver\u00f6ffentlicht. Die Autorin schreibt abwechselnd B\u00fccher f\u00fcr Kinder und f\u00fcr Erwachsene. Eines ihrer erfolgreichsten hei\u00dft \u201eEin Stern Namens Mama\u201c, in dem ein elfj\u00e4hriges M\u00e4dchen den Tod ihrer Mutter verarbeitet. Das Buch wurde in viele Sprachen \u00fcbersetzt und in Japan zum Bestseller.<\/p>\n<p><a id=\"eztoc_2_1\"><\/a><\/p>\n<h2>Schon mit f\u00fcnf wollte sie Schriftstellerin werden<\/h2>\n<p>Zum Vorlesen in der Klasse hatte Fessel aus ihrem reichen Fundus aber zwei lustigere B\u00fccher ausgew\u00e4hlt: \u201eUnd wenn schon\u201c handelt von einem Jungen, der aus einer gro\u00dfen, aber armen Familie hei\u00dft und mit dem altert\u00fcmlichen Namen Manfred gestraft ist. Das Buch ist aus der Perspektive Manfreds geschrieben und deshalb gespickt mit umgangssprachlichen Ausdr\u00fccken wie Penner, alter Knacker oder ,Leck mich doch\u2019.<\/p>\n<div id=\"teads_intext_container\"><\/div>\n<p>Die Sch\u00fcler am\u00fcsieren sich k\u00f6stlich und erfahren nebenbei, wie so die Verhandlungen zwischen Autorin und Lektorat aussehen k\u00f6nnen. \u201eDie Lektorin hat nachgez\u00e4hlt. Zehn Mal hatte ich in dem Buch ,Schei\u00dfe\u2019 geschrieben. Wenigstens f\u00fcnf Mal sollte ich das Wort wieder streichen\u201c, erz\u00e4hlt Fessel.<\/p>\n<p><a id=\"eztoc_3_1\"><\/a><\/p>\n<h2>Ein Buch ist komplett in Jugendsprache geschrieben<\/h2>\n<p>Dann liest sie noch aus ihrem neuesten Buch \u201eHip-Hop Hund und Herzgeh\u00fcpfe\u201c, das im rosa Einband eher als M\u00e4dchenbuch daherkommt, aber eigentlich mit den Geschlechter-Klischees spielt. Erz\u00e4hlt wird die Geschichte von den Zwillingen Milla und Mika, die beide unheimlich gerne tanzen. Sie liebt Hip-Hop und er Ballett. Auch das Buch wird begeistert von den Sch\u00fclern aufgenommen, unter anderem auch deshalb, weil Fessel anders als manch anderer Autor eine hervorragende Vorleserin ist.<\/p>\n<p><em>Von Ralf Stork<\/em><\/p>\n<\/div>\n<\/div>\n","protected":false},"excerpt":{"rendered":"<p>Und was macht eine waschechte Schriftstellerin an diesem bedeutsamen Tage? Das steht hier &#8230; in der M\u00e4rkischen Allgemeinen Zeitung, verfasst und fotografiert von Ralf Stork Schriftstellerin begeistert Sch\u00f6nwalder Kinder Karen-Susan Fessel hat bislang 26 B\u00fccher geschrieben, zur H\u00e4lfte f\u00fcr Erwachsene zur H\u00e4lfte f\u00fcr Kinder. In der sechsten Klasse der Grundschule Menschenskinder hat sie jetzt aus &hellip; <\/p>\n<p class=\"link-more\"><a href=\"https:\/\/www.karen-susan-fessel.de\/index.php\/welttag-des-buches-am-23-april-2018\/\" class=\"more-link\"><span class=\"screen-reader-text\">\u201eWelttag des Buches am 23. April 2018\u201c <\/span>weiterlesen<\/a><\/p>\n","protected":false},"author":2,"featured_media":0,"comment_status":"open","ping_status":"open","sticky":false,"template":"","format":"standard","meta":{"footnotes":""},"categories":[1,3],"tags":[],"class_list":["post-1450","post","type-post","status-publish","format-standard","hentry","category-allgemein","category-neues-vom-schreibtisch"],"_links":{"self":[{"href":"https:\/\/www.karen-susan-fessel.de\/index.php\/wp-json\/wp\/v2\/posts\/1450","targetHints":{"allow":["GET"]}}],"collection":[{"href":"https:\/\/www.karen-susan-fessel.de\/index.php\/wp-json\/wp\/v2\/posts"}],"about":[{"href":"https:\/\/www.karen-susan-fessel.de\/index.php\/wp-json\/wp\/v2\/types\/post"}],"author":[{"embeddable":true,"href":"https:\/\/www.karen-susan-fessel.de\/index.php\/wp-json\/wp\/v2\/users\/2"}],"replies":[{"embeddable":true,"href":"https:\/\/www.karen-susan-fessel.de\/index.php\/wp-json\/wp\/v2\/comments?post=1450"}],"version-history":[{"count":3,"href":"https:\/\/www.karen-susan-fessel.de\/index.php\/wp-json\/wp\/v2\/posts\/1450\/revisions"}],"predecessor-version":[{"id":1452,"href":"https:\/\/www.karen-susan-fessel.de\/index.php\/wp-json\/wp\/v2\/posts\/1450\/revisions\/1452"}],"wp:attachment":[{"href":"https:\/\/www.karen-susan-fessel.de\/index.php\/wp-json\/wp\/v2\/media?parent=1450"}],"wp:term":[{"taxonomy":"category","embeddable":true,"href":"https:\/\/www.karen-susan-fessel.de\/index.php\/wp-json\/wp\/v2\/categories?post=1450"},{"taxonomy":"post_tag","embeddable":true,"href":"https:\/\/www.karen-susan-fessel.de\/index.php\/wp-json\/wp\/v2\/tags?post=1450"}],"curies":[{"name":"wp","href":"https:\/\/api.w.org\/{rel}","templated":true}]}}