{"id":1614,"date":"2019-03-02T17:05:59","date_gmt":"2019-03-02T15:05:59","guid":{"rendered":"http:\/\/www.karen-susan-fessel.de\/?p=1614"},"modified":"2019-03-08T02:16:12","modified_gmt":"2019-03-08T00:16:12","slug":"die-monatsbotin-maerz2019-notizen-aus-dem-vierten-stock","status":"publish","type":"post","link":"https:\/\/www.karen-susan-fessel.de\/index.php\/die-monatsbotin-maerz2019-notizen-aus-dem-vierten-stock\/","title":{"rendered":"Die Monatsbotin M\u00e4rz2019 \/\/ Notizen aus dem vierten Stock"},"content":{"rendered":"<p style=\"text-align: right;\"><strong>Hier kommt die vierundsechzigste Ausgabe der\u00a0Monatsbotin\u00a0von Karen-Susan Fessel \u2013 mit Notizen, Gedanken und Terminen vom Schreibtisch aus dem vierten Stock in Berlin-Kreuzberg!<\/strong><\/p>\n<p>Wem sie gef\u00e4llt: liebend gern weiterempfehlen! Eine kurze Mail mit dem Hinweis \u201eMonatsbotin gew\u00fcnscht\u201c an\u00a0<a href=\"mailto:kontakt@karen-susan-fessel.de\">kontakt@karen-susan-fessel.de<\/a>\u00a0\u2013 und schon liegt sie Monat f\u00fcr Monat im virtuellen Briefkasten &#8230;<\/p>\n<p><strong>Viel Spa\u00df beim Lesen w\u00fcnscht Karen-Susan Fessel!<\/strong><\/p>\n<p><strong>Was war?<\/strong><\/p>\n<p><span style=\"font-size: 1rem;\">Der Monat begann mit einer leicht missgl\u00fcckten Schneereise ins n\u00f6rdliche Tschechien. Doch, Schnee gab es, aber leider zuviel! Schon die Anreise war beschwerlich, aber dann gelang es mir mithilfe meiner Begleitung, der weltbesten Autofahrerin, dann doch, mit meinem flotten Toyota Auris Hybrid an mehreren in den Schneeverwehungen liegengebliebenen dicken Karren vorbeizuziehen. Allerdings: Nur die Zufahrt zum Hotel war freiger\u00e4umt, von eigenm\u00e4chtigen Wanderungen im Wald wurde wegen Schneebruchgefahr dringend abgeraten &#8211; und bei \u00fcber einen Meter f\u00fcnfzig hoher Schneedecke w\u00e4re es auch gar nicht gegangen. So f\u00fchrten wir den Hund mehrfach t\u00e4glich die Auffahrt hoch und runter, a\u00dfen uns durch die Hotelspeisekarte und l\u00fcmmelten in Pool und Sauna herum, um dann noch einen kleinen Abstecher ins weniger verschneite Prag zu unternehmen. Sch\u00f6n war es dennoch &#8230;<\/span><\/p>\n<p>Die ausgedehnte Schreibphase am heimatlichen Schreibtisch &#8211; der in Arbeit befindliche Roman ist mittlerweile schon auf knapp 180 Seiten angewachsen, aber der anvisierte Umfang ebenfalls &#8211; wurde am 13. Februar mit einer Lesung in Meppen im Caf\u00e9 Koppelschleuse unterbrochen. Eine denkw\u00fcrdige Lesung: komplett ausverkauft, f\u00fcnf M\u00e4nner und 67 Frauen h\u00f6rten meinem Vortrag aus &#8222;Mutter zieht aus&#8220; zu, nat\u00fcrlich in Gegenwart der Hauptfigur,\u00a0meiner Mutter. Danach aber wurde, absolute Premiere, keine einzige Frage gestellt, was dem Buchverkauf und der guten Stimmung aber keinen Abbruch tat.<\/p>\n<p>Ebenfalls bemerkenswert war dann mein dreit\u00e4giger Gastaufenhalt an der\u00a0Nordendschule in Eberswalde,\u00a0<span style=\"font-size: 1rem;\">Schule mit dem sonderp\u00e4dagogischen F\u00f6rderschwerpunkt &#8222;Lernen&#8220;, gef\u00f6rdert durch den Boedecker-Kreis Berlin-Brandenburg. Vier Jungen und acht M\u00e4dchen im Alter zwischen 12 und 14 Jahren\u00a0<\/span><span style=\"font-size: 1rem;\">verfassten<\/span><span style=\"font-size: 1rem;\">\u00a0<\/span><span style=\"font-size: 1rem;\">unter meiner Anleitung eifrig und mit viel Spa\u00df und Engagement Geschichten, Gedichte und Dialoge und sich dann auch noch trauten, diese vor Publikum vorzutragen. Zuvor hatte ich noch das Vergn\u00fcgen, vor den Sch\u00fcler*innen der dritten bis siebten Klassen meine B\u00fccher vorzustellen. Und reich beschenkt wurde ich dann auch noch, mit handgefertigten Unikaten, wof\u00fcr die engagierte Lehrerin Frau M\u00fccke verantwortlich zeichnet. Ein tolles Erlebnis!<\/span><\/p>\n<p>&nbsp;<\/p>\n<p>Der neue Roman \u00fcbrigens wird, ganz aktuell vereinbart, nun doch nicht in diesem Herbst, sondern im Fr\u00fchjahr 202<span style=\"font-size: 1rem;\">0 erscheinen. Ja, gut Ding will eben wirklich Weile haben &#8230;<\/span><\/p>\n<p><strong><span style=\"font-size: 1rem;\">Und was kommt?<\/span><\/strong><\/p>\n<p><span style=\"font-size: 1rem;\">Schreibarbeit nat\u00fcrlich, denn der Roman soll jetzt endlich an Fahrt gewinnen und auf mindestens zweihundertf\u00fcnfzig Seiten in diesem Monat anwachsen. Mal sehen, ob ich das schaffe; m\u00f6glich ist es durchaus, denn die Handlung und auch der genauere Inhalt der insgesamt voraussichtlich sieben Teile stehen nun in groben Z\u00fcgen fest.\u00a0<\/span><\/p>\n<p>Allerdings habe ich noch andere Dinge in Arbeit: ein spannendes Projekt f\u00fcr das Goethe-Institut (n\u00e4chsten Monat mehr dazu!), mehrere weiterlaufende Onlineworkshops, ein Sachbuchlektorat, nicht zu vergessen die Gespr\u00e4che mit verschiedenen Verlagen \u00fcber eventuelle Ver\u00f6ffentlichungen unterschiedlichsten Inhalts und dann auch noch zwei Veranstaltungen: die Teilnahme an der von der Initiative\u00a0<span style=\"font-size: 1rem;\">Initiative #verlagegegenrechts veranstalteten\u00a0<\/span>Podiumsdiskussion\u00a0<span style=\"font-size: 1rem;\">&#8222;Bei aller Toleranz. Eine Brosch\u00fcre, ein Bildungsplan und die Angst vor \u201eFr\u00fchsexualisierung\u201c&#8220; am 21. M\u00e4rz auf der Leipziger Messe, zusammen mit\u00a0<\/span>Thomas Kugler und Stephanie Nordt von &#8222;KomBi \u2013 Kommunikation und Bildung&#8220;, einer Berliner Bildungseinrichtung zu Diversity, Gender und queerer Bildung und, passend dazu, am 26. M\u00e4rz eine Lesung vor Zweitkl\u00e4sslern in der Stadtteilbibliothek Berlin-Marienfelde aus &#8222;Frieda Fricke&#8220;. Das neue Jahr nimmt also Schwung auf!<\/p>\n<p>Einen fr\u00fchlingsbunten M\u00e4rz w\u00fcnscht Karen-Susan Fessel!<\/p>\n<p><strong>\u00d6ffentliche Termine im M\u00e4rz:\u00a0<\/strong>\u00a0<span style=\"font-size: 1rem;\">21. M\u00e4rz, 16h, Messe Leipzig,<\/span>\u00a0Forum Sachbuch Halle 3, Stand E201: Podiumsdiskussion zum Thema\u00a0<span style=\"font-size: 1rem;\">P\u00e4dagogischer Umgang mit sexueller Vielfalt, elterliche Sorgen und politische Instrumentalisierung<\/span><\/p>\n<p><strong>Online Workshops:<\/strong> D<span style=\"font-size: 1rem;\">er n\u00e4chste Kreativ-Quickie <\/span><span style=\"font-size: 1rem;\">startet am\u00a04. M\u00e4rz, Informationen und Anmeldung auch f\u00fcr\u00a0<\/span><span style=\"font-size: 1rem;\">d<\/span><span style=\"font-size: 1rem;\">ie neuen Onlineworkshops &#8222;Mein Buch&#8220; und &#8222;Biografisches Schreiben&#8220;\u00a0<\/span><span style=\"font-size: 1rem;\">und das Einzelcoaching unter\u00a0<\/span><a style=\"font-size: 1rem;\" href=\"http:\/\/www.karen-susan-fessel.de\/seminare\">www.karen-susan-fessel.de\/seminare<\/a><\/p>\n<p><strong>Ausgelesen<\/strong>:\u00a0<em>\u00a0Angelika Schrobsdorff: Die Herren\u00a0<\/em>\/ Im Erscheinungsjahr 1961 sorgte dieses Buch f\u00fcr einen handfesten Skandal; die unverbl\u00fcmte Schilderung weiblicher Begierden und sexueller Aktivit\u00e4ten schien der Vor-Apo-Zeit vollkommen anr\u00fcchig und unangemessen. Mich hat wiederum die poetisch-klare Sprache Angelika Schrobsdorffs in den Bann gezogen; was mich bei anderen Autoren vielleicht st\u00f6ren w\u00fcrde\u00a0 &#8211; der stete autobiografische Bezug &#8211; wirkt hier belebend und spannend. Endlich mal ein Gegenpart zur egomanischen M\u00e4nnerliteratur von Knausg\u00e5rd und Co., aber auf wohltuend leicht zur\u00fcckgenommene weibliche Weise. \/\/ <em>Elizabeth Strout: Alles ist m\u00f6glich<\/em> \/ Vielger\u00fchmt, hymnisch besprochen, aber mich \u00fcberzeugte diese zusammengebastelte Beschreibung diverser Kleinstadtbiografien aus einer amerikanischen Kleinstadt nicht recht. Zu gewollt erschienen mir die ausgedachten Leben, auf jeder Seite war ich mir der Konstruktionsfreude der Autorin, die sichtlich Spa\u00df am gekonnten Fabulieren hatte, nur zu bewusst. Die besten B\u00fccher sind ja immer noch die, denen man die akribische Konstruktion nicht anmerkt. Das ist Strout, jedenfalls was mich angeht, absolut nicht gelungen, und da n\u00fctzt auch die unbestrittene Schreibkunst der Autorin nichts.\u00a0<span style=\"font-size: 1rem;\">\/\/ <em>Schoschana Rabinovici: Dank meiner Mutter<\/em>\u00a0\/ Erst, als ich das Buch wieder zuschlug, entdeckte ich die Altersangabe auf dem Buchr\u00fccken: ab 12. Aber ja, dieses absolut spannend und locker geschriebene Werk sollte durchaus von allen ab 12 gelesen werden: Rabinovici schl\u00e4gt den gro\u00dfen Bogen von einer gl\u00fccklichen Kindheit als<\/span><span style=\"font-size: 1rem;\">Einzelkind j\u00fcdischer Eltern in Wilna \u00fcber die Deportation als Elfj\u00e4hrige zusammen mit der Mutter in verschiedene Konzentrationslager, das \u00dcberstehen des Todesmarsches, die Befreiung aus Stutthof und schlie\u00dflich die R\u00fcckkehr nach Wilna. Gerade die letzten Passagen haben mich besonders gefesselt; die meisten Berichte von KZ-\u00dcberlebenden enden doch mit der Befreiung, was danach geschah, wird meist in ein paar S\u00e4tzen abgehandelt. Absolut empfehlenswert!\u00a0<\/span><\/p>\n","protected":false},"excerpt":{"rendered":"<p>Hier kommt die vierundsechzigste Ausgabe der\u00a0Monatsbotin\u00a0von Karen-Susan Fessel \u2013 mit Notizen, Gedanken und Terminen vom Schreibtisch aus dem vierten Stock in Berlin-Kreuzberg! Wem sie gef\u00e4llt: liebend gern weiterempfehlen! Eine kurze Mail mit dem Hinweis \u201eMonatsbotin gew\u00fcnscht\u201c an\u00a0kontakt@karen-susan-fessel.de\u00a0\u2013 und schon liegt sie Monat f\u00fcr Monat im virtuellen Briefkasten &#8230; Viel Spa\u00df beim Lesen w\u00fcnscht Karen-Susan Fessel! &hellip; <\/p>\n<p class=\"link-more\"><a href=\"https:\/\/www.karen-susan-fessel.de\/index.php\/die-monatsbotin-maerz2019-notizen-aus-dem-vierten-stock\/\" class=\"more-link\"><span class=\"screen-reader-text\">\u201eDie Monatsbotin M\u00e4rz2019 \/\/ Notizen aus dem vierten Stock\u201c <\/span>weiterlesen<\/a><\/p>\n","protected":false},"author":2,"featured_media":0,"comment_status":"open","ping_status":"open","sticky":false,"template":"","format":"standard","meta":{"footnotes":""},"categories":[1,3],"tags":[],"class_list":["post-1614","post","type-post","status-publish","format-standard","hentry","category-allgemein","category-neues-vom-schreibtisch"],"_links":{"self":[{"href":"https:\/\/www.karen-susan-fessel.de\/index.php\/wp-json\/wp\/v2\/posts\/1614","targetHints":{"allow":["GET"]}}],"collection":[{"href":"https:\/\/www.karen-susan-fessel.de\/index.php\/wp-json\/wp\/v2\/posts"}],"about":[{"href":"https:\/\/www.karen-susan-fessel.de\/index.php\/wp-json\/wp\/v2\/types\/post"}],"author":[{"embeddable":true,"href":"https:\/\/www.karen-susan-fessel.de\/index.php\/wp-json\/wp\/v2\/users\/2"}],"replies":[{"embeddable":true,"href":"https:\/\/www.karen-susan-fessel.de\/index.php\/wp-json\/wp\/v2\/comments?post=1614"}],"version-history":[{"count":5,"href":"https:\/\/www.karen-susan-fessel.de\/index.php\/wp-json\/wp\/v2\/posts\/1614\/revisions"}],"predecessor-version":[{"id":1627,"href":"https:\/\/www.karen-susan-fessel.de\/index.php\/wp-json\/wp\/v2\/posts\/1614\/revisions\/1627"}],"wp:attachment":[{"href":"https:\/\/www.karen-susan-fessel.de\/index.php\/wp-json\/wp\/v2\/media?parent=1614"}],"wp:term":[{"taxonomy":"category","embeddable":true,"href":"https:\/\/www.karen-susan-fessel.de\/index.php\/wp-json\/wp\/v2\/categories?post=1614"},{"taxonomy":"post_tag","embeddable":true,"href":"https:\/\/www.karen-susan-fessel.de\/index.php\/wp-json\/wp\/v2\/tags?post=1614"}],"curies":[{"name":"wp","href":"https:\/\/api.w.org\/{rel}","templated":true}]}}