{"id":1917,"date":"2021-03-03T22:41:05","date_gmt":"2021-03-03T20:41:05","guid":{"rendered":"http:\/\/www.karen-susan-fessel.de\/?p=1917"},"modified":"2021-03-03T22:45:11","modified_gmt":"2021-03-03T20:45:11","slug":"die-monatsbotin-maerz-2021-notizen-aus-dem-vierten-stock","status":"publish","type":"post","link":"https:\/\/www.karen-susan-fessel.de\/index.php\/die-monatsbotin-maerz-2021-notizen-aus-dem-vierten-stock\/","title":{"rendered":"Die Monatsbotin M\u00e4rz 2021 \/\/ Notizen aus dem vierten Stock"},"content":{"rendered":"<p id=\"block-02b1be96-2f40-465a-b15f-71372260abf8\"><strong>Hier kommt die sechsundachtzigste Ausgabe der Monatsbotin von Karen-Susan Fessel \u2013 mit Notizen, Gedanken und Terminen vom Schreibtisch aus dem vierten Stock in Berlin-Kreuzberg!<\/strong><\/p>\r\n<p><strong><!-- \/wp:post-content -->\r\n\r\n<!-- wp:paragraph --><\/strong><\/p>\r\n<p id=\"block-b8292390-7967-4540-a0b9-cbe431686428\">Wem sie gef\u00e4llt: liebend gern weiterempfehlen! Eine kurze Mail mit dem Hinweis \u201eMonatsbotin gew\u00fcnscht\u201c an\u00a0<a href=\"mailto:kontakt@karen-susan-fessel.de\">kontakt@karen-susan-fessel.de<\/a>\u00a0\u2013 und schon liegt sie Monat f\u00fcr Monat im virtuellen Briefkasten &#8230; Wer lieber Ruhe w\u00fcnscht, desgleichen!<\/p>\r\n<p><strong><!-- \/wp:paragraph -->\r\n\r\n<!-- wp:paragraph --><\/strong><\/p>\r\n<p id=\"block-aaba6898-985f-49dc-9d10-3841ea7015a0\">Und: Wer nicht lesen will, kann h\u00f6ren: demn\u00e4chst hier!<\/p>\r\n<p><strong><!-- \/wp:paragraph -->\r\n\r\n<!-- wp:paragraph --><\/strong><\/p>\r\n<p id=\"block-e86a2c2d-1594-4e5f-bf77-85a74c9e44b5\"><strong>Viel Spa\u00df beim Lesen w\u00fcnscht Karen-Susan Fessel!<\/strong><\/p>\r\n<p><strong><!-- \/wp:paragraph -->\r\n\r\n<!-- wp:paragraph --><\/strong><\/p>\r\n<p id=\"block-aa73c6e3-7090-44a0-941e-50b2773b0fff\"><strong>Was war?<\/strong><\/p>\r\n<p><strong><!-- \/wp:paragraph -->\r\n\r\n<!-- wp:paragraph --><\/strong><\/p>\r\n<p id=\"block-f98cfd15-52b5-412d-8d07-ead902151939\">Der Februar hatte es in sich &#8211; ein vollgepackter Monat f\u00fcr mich, was in diesen Covid-19-Zeiten ja eigentlich fast an ein Wunder grenzt. Nein, an Arbeit mangelt es mir nicht, und das Sch\u00f6ne daran ist: Ich habe sehr viel unterschiedliche Dinge zu tun, was mir immer besonders viel Freude macht.<\/p>\r\n<p>Den L\u00f6wenanteil hatte dabei die Arbeit am Reportage-Band &#8222;Paare mit Paketen&#8220;, der voraussichtlich im April im psychiatrie-Verlag erscheinen wird, eventuell aber auch etwas sp\u00e4ter. Mir ist das Ver\u00f6ffentlichungsdatum\u00a0 gleich, aber in der Tat bin ich ein wenig traurig, dass diese f\u00fcr mich \u00fcberaus spannende Mischung aus Interviews &#8211; die meisten davon live -, deren Transkription (also abh\u00f6ren und aufschreiben) und dann das Verfassen \u00fcberzeugender Texte nun schon bald wieder vorbei ist. Ich habe die Gespr\u00e4che mit den elf Paaren aus der ganzen Bundesrepublik, von denen eine\/r oder beide an einer psychischen Erkrankung gelitten haben oder noch leiden, sehr genossen; die entstandenen Texte z\u00e4hlen f\u00fcr mich pers\u00f6nlich zu meinen wichtigsten Arbeiten. Ich hoffe sehr, dass das Buch dazu anregt, sich mit den Merkw\u00fcrdigkeiten des Lebens auseinanderzusetzen und betroffene Menschen mit anderen, freundlicheren Augen zu sehen. Ein weiteres Buch mit einem \u00e4hnlichen Konzept, aber einer anders gelagerten Thematik ist schon in Planung, n\u00e4heres dazu dann, wenn es soweit ist! Neben diesem Projekt hatte ich im Februar noch ein gr\u00f6\u00dferes, vielversprechendes Lektorat in Arbeit, ein wirklich gut geschriebener Erstlingsroman, der bestimmt nicht in der Schublade vermodern wird. Auch einige kleinere Lektorate und Begutachtungen standen an, daneben aber auch mehrere Aufzeichnungen f\u00fcr Lesungen im Videoformat, zum Beispiel aus &#8222;Frieda Fricke&#8220; und &#8222;Liebe macht Anders&#8220; f\u00fcr die Zentralbibliothek Berlin; online gestellt werden die beiden Lesungen in den n\u00e4chsten Wochen. Und ein erstaunlich am\u00fcsantes und gut funktionierendes neues Projekt lief auch an: Auf Einladung der Aidshilfe NRW e.V. biete ich nun schon seit sechs Wochen jeden Dienstag einen Online-Schreibworkshop mit Zoom-Konferenz f\u00fcr ein knappes Dutzend angemeldete Teilnehmer*innen an. Dieses einst von mir mit gro\u00dfes Skepsis betrachtete Format entwickelt sich als \u00e4u\u00dferst angenehme und vielseitige Methode, miteinander in Kontakt zu kommen und sich \u00fcber das Schreiben innerlich zu st\u00e4rken. Der einhellige Tenor der Teilnehmer*innen bislang: Der feste Termin z\u00e4hlt zu den Highlights der Woche und wirkt einem gro\u00dfen Problem radikal entgegen &#8211; der Einsamkeit und dem Verlust an N\u00e4he. Noch zwei Termine stehen an, und auch hier bin ich schon jetzt ein wenig traurig \u00fcber das nahende Ende &#8230; Aber wer wei\u00df, vielleicht gibt es ja auch hier die eine oder andere Fortsetzung. Und am 23. M\u00e4rz startet dann ja mein eigener Workshop mit w\u00f6chentlichen Zoom-Konferenzen f\u00fcr alle, die im Kreise anderer Interessierte schreiben und Spa\u00df dabei haben wollen: &#8222;Los, aufgeschrieben!&#8220; beginnt am Dienstag, dem 23. M\u00e4rz, weitere Informationen und Anmeldung dazu <a href=\"http:\/\/www.karen-susan-fessel.de\/seminare\/index.php\/interaktiver-onlineworkshop-los-aufgeschrieben\/\" target=\"_blank\" rel=\"noopener\">hier<\/a>! <strong>Und was kommt? <\/strong> <strong><!-- \/wp:paragraph -->\r\n\r\n<!-- wp:paragraph \/-->\r\n\r\n<!-- wp:paragraph --><\/strong> Ja, einige spannende Projekte stehen auf dem Plan, zun\u00e4chst nat\u00fcrlich die abschlie\u00dfende Arbeit an &#8222;Paare mit Paketen&#8220;: Die ersten von meiner Lektorin \u00fcberarbeiteten Texte habe ich gerade vorgestern geschickt bekommen, nun m\u00fcssen sie noch von mir \u00fcberarbeitet und mit den interviewten Paaren abgestimmt und dann noch im Hinblick auf rechtliche Fragen gepr\u00fcft werden. Die Textprobe f\u00fcr ein neues Jugendbuch, das mir schon seit l\u00e4ngerem im Kopf herumgeistert, steht immer noch aus, und dann sind da nat\u00fcrlich auch noch die weiterhin laufenden Online-Workshops und ein besonders umfangreiches Projekt, \u00fcber das ich leider nichts weiter erz\u00e4hlen kann, denn zum zweiten Mal in meiner nun doch schon recht langen Laufbahn als Autorin (seit nunmehr 27 Jahren schreibe ich B\u00fccher, davon leben kann ich seit ca. 21 Jahren) werde ich als Ghostwriterin t\u00e4tig sein. Ach ja, noch eins: Gerade heute konnte ich eine Recherchereise dazu nutzen, meine betagte Mutter zu ihrem ersten Impftermin in der Emsland-Arena im nieders\u00e4chsischen Lingen zu begleiten. Wie das so vonstatten ging, berichte ich in einem Beitrag f\u00fcr den <a href=\"https:\/\/www.konkursbuch-shop.com\/blog\/\">Blog<\/a> des konkursbuch-Verlags, in dem ich ja auch einige B\u00fccher ver\u00f6ffentlicht habe, darunter meinen Erstling und den (auto-)biografischen Roman &#8222;<a href=\"https:\/\/www.konkursbuch-shop.com\/search\/\">Mutter zieht aus<\/a>&#8222;; wann der Beitrag online geht, ist noch nicht klar, aber es lohnt sich ohnehin, immer mal wieder reinzusehen! Einen fr\u00fchlingshaften M\u00e4rz w\u00fcnscht Karen-Susan Fessel <strong><!-- \/wp:paragraph -->\r\n\r\n<!-- wp:paragraph --><\/strong> <strong>Online Workshops:<\/strong> Der n\u00e4chste <a href=\"http:\/\/www.karen-susan-fessel.de\/seminare\/index.php\/kreativ-quickie-schreib-dich-rein\/\">Kreativ-Quickie<\/a> startet am 1. April; der interaktive Onlineworkshop &#8222;Los, aufgeschrieben!&#8220; beginnt am 23. M\u00e4rz. Informationen und Anmeldung auch f\u00fcr die neuen Onlineworkshops &#8222;<a href=\"http:\/\/www.karen-susan-fessel.de\/seminare\/index.php\/roman-schreiben\/\" target=\"_blank\" rel=\"noopener\">Mein Buch<\/a>&#8220; und &#8222;<a href=\"http:\/\/www.karen-susan-fessel.de\/seminare\/index.php\/schreibworkshop-biografisches-schreiben\/\" target=\"_blank\" rel=\"noopener\">Biografisches Schreiben<\/a>&#8220; und das Einzelcoaching unter <a href=\"http:\/\/www.karen-susan-fessel.de\/seminare\">www.karen-susan-fessel.de\/seminare.<\/a> <strong><!-- \/wp:paragraph -->\r\n\r\n<!-- wp:paragraph --><\/strong> <strong>Ausgelesen<\/strong>: <em>Lilja Sigurdard\u00f3ttir: Das Netz &#8211; ein\u00a0<span class=\"u9DLmf\" role=\"heading\" aria-level=\"1\">Reykjavik-Krimi. Bd. 1 \/ Die Schlinge &#8211; ein Rejkjavik-Krimi. Bd. 2. M\u00fcnchen, Dumont 2020 \/ Sonja schmuggelt Kokain. Aber nur solange, bis sie genug Geld zusammen hat, um ihren Sohn, der nach einer schmutzigen Scheidung dem Vater zugesprochen wurde, wieder zu sich zu holen. Das jedenfalls ist der Plan der furiosen Einzelk\u00e4mpferin. Kann das gelingen? Sigurdard\u00f3ttir hat eine dicht erz\u00e4hlte Trilogie um eine von Sehnsucht zerfressene, starrsinnige und \u00fcberaus sympathische Heldin erschaffen, die neben dem Kampf um ihr Kind und ihre pers\u00f6nliche Freiheit noch in eine heillos verfahrene Liebschaft mit einer homophoben Bankerin verstrickt ist. Gute Krimikost, so explosiv wie der isl\u00e4ndische Vulkan, dessen Namen nach der Lekt\u00fcre endlich fehlerlos auszusprechen sein d\u00fcrfte &#8230;<\/span><\/em><\/p>\r\n<div class=\"EGmpye\">\u00a0<\/div>\r\n<p>&nbsp;<\/p>","protected":false},"excerpt":{"rendered":"<p>Hier kommt die sechsundachtzigste Ausgabe der Monatsbotin von Karen-Susan Fessel \u2013 mit Notizen, Gedanken und Terminen vom Schreibtisch aus dem vierten Stock in Berlin-Kreuzberg! Wem sie gef\u00e4llt: liebend gern weiterempfehlen! Eine kurze Mail mit dem Hinweis \u201eMonatsbotin gew\u00fcnscht\u201c an\u00a0kontakt@karen-susan-fessel.de\u00a0\u2013 und schon liegt sie Monat f\u00fcr Monat im virtuellen Briefkasten &#8230; Wer lieber Ruhe w\u00fcnscht, desgleichen! &hellip; <\/p>\n<p class=\"link-more\"><a href=\"https:\/\/www.karen-susan-fessel.de\/index.php\/die-monatsbotin-maerz-2021-notizen-aus-dem-vierten-stock\/\" class=\"more-link\"><span class=\"screen-reader-text\">\u201eDie Monatsbotin M\u00e4rz 2021 \/\/ Notizen aus dem vierten Stock\u201c <\/span>weiterlesen<\/a><\/p>\n","protected":false},"author":2,"featured_media":0,"comment_status":"open","ping_status":"open","sticky":false,"template":"","format":"standard","meta":{"footnotes":""},"categories":[1],"tags":[],"class_list":["post-1917","post","type-post","status-publish","format-standard","hentry","category-allgemein"],"_links":{"self":[{"href":"https:\/\/www.karen-susan-fessel.de\/index.php\/wp-json\/wp\/v2\/posts\/1917","targetHints":{"allow":["GET"]}}],"collection":[{"href":"https:\/\/www.karen-susan-fessel.de\/index.php\/wp-json\/wp\/v2\/posts"}],"about":[{"href":"https:\/\/www.karen-susan-fessel.de\/index.php\/wp-json\/wp\/v2\/types\/post"}],"author":[{"embeddable":true,"href":"https:\/\/www.karen-susan-fessel.de\/index.php\/wp-json\/wp\/v2\/users\/2"}],"replies":[{"embeddable":true,"href":"https:\/\/www.karen-susan-fessel.de\/index.php\/wp-json\/wp\/v2\/comments?post=1917"}],"version-history":[{"count":4,"href":"https:\/\/www.karen-susan-fessel.de\/index.php\/wp-json\/wp\/v2\/posts\/1917\/revisions"}],"predecessor-version":[{"id":1936,"href":"https:\/\/www.karen-susan-fessel.de\/index.php\/wp-json\/wp\/v2\/posts\/1917\/revisions\/1936"}],"wp:attachment":[{"href":"https:\/\/www.karen-susan-fessel.de\/index.php\/wp-json\/wp\/v2\/media?parent=1917"}],"wp:term":[{"taxonomy":"category","embeddable":true,"href":"https:\/\/www.karen-susan-fessel.de\/index.php\/wp-json\/wp\/v2\/categories?post=1917"},{"taxonomy":"post_tag","embeddable":true,"href":"https:\/\/www.karen-susan-fessel.de\/index.php\/wp-json\/wp\/v2\/tags?post=1917"}],"curies":[{"name":"wp","href":"https:\/\/api.w.org\/{rel}","templated":true}]}}