{"id":206,"date":"2011-05-31T18:27:10","date_gmt":"2011-05-31T18:27:10","guid":{"rendered":"http:\/\/www.karen-susan-fessel.de\/?p=206"},"modified":"2017-01-16T15:00:18","modified_gmt":"2017-01-16T13:00:18","slug":"comic-kids-in-mazedonien","status":"publish","type":"post","link":"https:\/\/www.karen-susan-fessel.de\/index.php\/comic-kids-in-mazedonien\/","title":{"rendered":"Comic-Kids in Mazedonien"},"content":{"rendered":"<p>Viel Spa\u00df hatten die Teilnehmerinnen und Teilnehmer der 4. S\u00fcdosteurop\u00e4ischen Schreibwerkstatt, die dieses Jahr mit dem Schwerpunkt &#8222;Comics&#8220; nicht nur von Karen-Susan Fessel allein, sondern zusammen mit Heidi Kull geleitet wurde &#8211; wiederum auf Einladung des Goethe-Instituts\/Verbindungsb\u00fcros Mazedonien.\u00a016 junge MazedonierInnen im Alter von 12 bis 15 Jahren erarbeiteten \u00fcber drei Tage hinweg Skizzen, Entw\u00fcrfe, Texte und einen richtigen Comic, der dann abschlie\u00dfend unter reger Publikumsbeteiligung im Deutschen Lesesaal Skopje pr\u00e4sentiert wurde:\u00a0<a href=\"http:\/\/blog.heidikull.de\/diary\/the-kids-comic-workshop-in-skopjemacedonia\/\">http:\/\/blog.heidikull.de\/diary\/the-kids-comic-workshop-in-skopjemacedonia\/<\/a><\/p>\n<p>&nbsp;<\/p>\n","protected":false},"excerpt":{"rendered":"<p>Viel Spa\u00df hatten die Teilnehmerinnen und Teilnehmer der 4. S\u00fcdosteurop\u00e4ischen Schreibwerkstatt, die dieses Jahr mit dem Schwerpunkt &#8222;Comics&#8220; nicht nur von Karen-Susan Fessel allein, sondern zusammen mit Heidi Kull geleitet wurde &#8211; wiederum auf Einladung des Goethe-Instituts\/Verbindungsb\u00fcros Mazedonien.\u00a016 junge MazedonierInnen im Alter von 12 bis 15 Jahren erarbeiteten \u00fcber drei Tage hinweg Skizzen, Entw\u00fcrfe, Texte &hellip; <\/p>\n<p class=\"link-more\"><a href=\"https:\/\/www.karen-susan-fessel.de\/index.php\/comic-kids-in-mazedonien\/\" class=\"more-link\"><span class=\"screen-reader-text\">\u201eComic-Kids in Mazedonien\u201c <\/span>weiterlesen<\/a><\/p>\n","protected":false},"author":2,"featured_media":0,"comment_status":"closed","ping_status":"closed","sticky":false,"template":"","format":"standard","meta":{"footnotes":""},"categories":[1],"tags":[],"class_list":["post-206","post","type-post","status-publish","format-standard","hentry","category-allgemein"],"_links":{"self":[{"href":"https:\/\/www.karen-susan-fessel.de\/index.php\/wp-json\/wp\/v2\/posts\/206","targetHints":{"allow":["GET"]}}],"collection":[{"href":"https:\/\/www.karen-susan-fessel.de\/index.php\/wp-json\/wp\/v2\/posts"}],"about":[{"href":"https:\/\/www.karen-susan-fessel.de\/index.php\/wp-json\/wp\/v2\/types\/post"}],"author":[{"embeddable":true,"href":"https:\/\/www.karen-susan-fessel.de\/index.php\/wp-json\/wp\/v2\/users\/2"}],"replies":[{"embeddable":true,"href":"https:\/\/www.karen-susan-fessel.de\/index.php\/wp-json\/wp\/v2\/comments?post=206"}],"version-history":[{"count":1,"href":"https:\/\/www.karen-susan-fessel.de\/index.php\/wp-json\/wp\/v2\/posts\/206\/revisions"}],"predecessor-version":[{"id":1158,"href":"https:\/\/www.karen-susan-fessel.de\/index.php\/wp-json\/wp\/v2\/posts\/206\/revisions\/1158"}],"wp:attachment":[{"href":"https:\/\/www.karen-susan-fessel.de\/index.php\/wp-json\/wp\/v2\/media?parent=206"}],"wp:term":[{"taxonomy":"category","embeddable":true,"href":"https:\/\/www.karen-susan-fessel.de\/index.php\/wp-json\/wp\/v2\/categories?post=206"},{"taxonomy":"post_tag","embeddable":true,"href":"https:\/\/www.karen-susan-fessel.de\/index.php\/wp-json\/wp\/v2\/tags?post=206"}],"curies":[{"name":"wp","href":"https:\/\/api.w.org\/{rel}","templated":true}]}}