{"id":2296,"date":"2023-03-01T10:00:13","date_gmt":"2023-03-01T08:00:13","guid":{"rendered":"http:\/\/www.karen-susan-fessel.de\/?p=2296"},"modified":"2023-02-23T18:50:46","modified_gmt":"2023-02-23T16:50:46","slug":"die-monatsbotin-maerz-2023-notizen-aus-dem-vierten-stock","status":"publish","type":"post","link":"https:\/\/www.karen-susan-fessel.de\/index.php\/die-monatsbotin-maerz-2023-notizen-aus-dem-vierten-stock\/","title":{"rendered":"Die Monatsbotin M\u00e4rz 2023 \/\/ Notizen aus dem vierten Stock"},"content":{"rendered":"<p><strong>Hier kommt die hundertsechste Ausgabe der Monatsbotin von Karen-Susan Fessel \u2013 mit Notizen, Gedanken und Terminen vom Schreibtisch aus dem vierten Stock in Berlin-Kreuzberg!<\/strong><\/p>\n<p>Wem sie gef\u00e4llt: liebend gern weiterempfehlen! Eine kurze Mail mit dem Hinweis \u201eMonatsbotin gew\u00fcnscht\u201c an\u00a0<a href=\"mailto:kontakt@karen-susan-fessel.de\">kontakt@karen-susan-fessel.de<\/a>\u00a0\u2013 und schon liegt sie Monat f\u00fcr Monat im virtuellen Briefkasten &#8230; Wer lieber Ruhe w\u00fcnscht, desgleichen!<\/p>\n<p><strong>Viel Spa\u00df beim Lesen w\u00fcnscht Karen-Susan Fessel!<\/strong><\/p>\n<p><strong>Was war?<\/strong><\/p>\n<p><span style=\"font-size: 1rem;\">Ein viel zu warmer Februar, der leider vom Grundger\u00e4usch &#8222;Long Covid&#8220; untermalt wurde, was mich aber nicht hinderte, weiter an meinem in Arbeit befindlichen Roman zu schreiben. &#8222;Einfach Noni&#8220; (Arbeitstitel) wird im Herbst erscheinen, es sei dann, mich f\u00e4llt ein Blitz, aber davon ist ja hoffentlich nicht auszugehen. Bislang sind sechs von zehn Kapiteln in der Rohfassung fertig, die letzten vier jedoch so gut vorgearbeitet, dass ich sp\u00e4testens im April damit fertig sein werde. <\/span><\/p>\n<p><span style=\"font-size: 1rem;\">Und jetzt schon finde ich es wieder traurig, mich von den mir so liebgewonnenen Personen dann verabschieden zu m\u00fcssen &#8230; Aber das kenne ich ja schon zur Gen\u00fcge. <\/span><\/p>\n<p><span style=\"font-size: 1rem;\">Daneben aber hatte ich im Februar das Vergn\u00fcgen, mich auch dem Onlineworkshop &#8222;Mein Buch&#8220; und dem Individualcoaching widmen zu k\u00f6nnen. Und diversen gesch\u00e4ftlichen Gespr\u00e4chen, in denen es zum Teil um anstehende (Film-)projekte und B\u00fccher, aber auch um fertiggestellte ging. Was zur Folge haben wird, dass ich auch \u00fcber das dritte meiner bisherigen drei Ghostwriter- bzw. Co-Autorinnen-B\u00fcchern den Mantel des Schweigens breiten werde. Allerdings stehe ich auch &#8211; wie bei Buch 2, dem Roman eines bekannten Filmemachers -, bei Buch 3 mit im Impressum; wer zuerst darauf st\u00f6\u00dft, der bekommt von mir ein signiertes Exemplar des Werkes \u00fcber eine bekannte deutsche Rocks\u00e4ngerin, das allerdings noch nicht erschienen ist.<\/span><\/p>\n<p><strong>Und was kommt?<\/strong><\/p>\n<p>Ein ganzer Monat, in dem ich mich vorrangig meinem in Arbeit befindlichen Roman widmen werde. Am 2. M\u00e4rz jedoch habe ich um 20h das Vergn\u00fcgen, im sch\u00f6nen Gl\u00fcckstadt an der Elbe in der dortigen B\u00fccherstube am Fleth aus &#8222;<a href=\"http:\/\/www.querverlag.de\/in-die-welt\/\" target=\"_blank\" rel=\"noopener\">In die Welt<\/a>&#8220; vorlesen zu d\u00fcrfen, <span style=\"font-size: 1rem;\">meinem aktuellen Roman &#8211; eine <\/span><span style=\"font-size: 1rem;\">Veransta<\/span><img loading=\"lazy\" decoding=\"async\" class=\" wp-image-2304 alignleft\" style=\"font-size: 1rem;\" src=\"http:\/\/www.karen-susan-fessel.de\/wp-content\/uploads\/lesungfessel-212x300.png\" alt=\"\" width=\"361\" height=\"510\" srcset=\"https:\/\/www.karen-susan-fessel.de\/wp-content\/uploads\/lesungfessel-212x300.png 212w, https:\/\/www.karen-susan-fessel.de\/wp-content\/uploads\/lesungfessel-724x1024.png 724w, https:\/\/www.karen-susan-fessel.de\/wp-content\/uploads\/lesungfessel-768x1087.png 768w, https:\/\/www.karen-susan-fessel.de\/wp-content\/uploads\/lesungfessel.png 848w\" sizes=\"auto, (max-width: 361px) 100vw, 361px\" \/><span style=\"font-size: 1rem;\">ltung zum Internation<\/span><span style=\"font-size: 1rem;\">alen Frauentag auf Einladung der Gleichstellungsbeauftragten.\u00a0 An ebenjenem Tag \u00fcbrigens habe ich vor nunmehr 40 Jahren (!!!) meinen F\u00fchrerschein Klasse 3 und 1 absolviert. Das aber nur mal so nebenbei &#8230;<\/span><\/p>\n<p>Leider kann ich die Strecke von Gl\u00fcckstadt nach Innsbruck unm\u00f6glich am n\u00e4chsten Tag z\u00fcgig bew\u00e4ltigen, um dort um 16h im Bogentheater die Premiere meines dort neu inszenierten Theaterst\u00fcckes &#8222;Ein Stern namens Mama&#8220; mitzuerleben. Wer also in Innsbruck die Gelegenheit hat, am 3. M\u00e4rz oder an einem der folgenden vorl\u00e4ufig sechs weiteren sechs Termine das <a href=\"https:\/\/www.bogentheater.at\/spielplan\/alle\/281\/1005\/ein-stern-namens-mama-von-karen-susan-fessel\" target=\"_blank\" rel=\"noopener\">Bogentheater<\/a> zu besuchen und die Auff\u00fchrung zu sehen, der darf mir anschlie\u00dfend gern berichten!<\/p>\n<p><span class=\"gmail_default\">Am 16. M\u00e4rz wiederum habe ich das Vergn\u00fcgen, im Aschaffenburger\u200b\u00a0<\/span>Karl-Theodor-v.-Dalberg<span class=\"gmail_default\">\u200b-Gymnasium aus &#8222;Blindfisch&#8220; vorzulesen, genau wie am 21. M\u00e4rz im Berliner Rosa-Luxemburg-Gymnasium und am 28. M\u00e4rz in der Gustav-Heinemann-Schule im hessischen Borken.\u00a0<\/span><\/p>\n<p><span class=\"gmail_default\"><a href=\"http:\/\/www.karen-susan-fessel.de\/wp-content\/uploads\/Alles-ist-echt-Klett.pdf\"><img loading=\"lazy\" decoding=\"async\" class=\"size-medium wp-image-2309 alignright\" src=\"http:\/\/www.karen-susan-fessel.de\/wp-content\/uploads\/9783126660020-193x300.webp\" alt=\"\" width=\"193\" height=\"300\" srcset=\"https:\/\/www.karen-susan-fessel.de\/wp-content\/uploads\/9783126660020-193x300.webp 193w, https:\/\/www.karen-susan-fessel.de\/wp-content\/uploads\/9783126660020.webp 360w\" sizes=\"auto, (max-width: 193px) 100vw, 193px\" \/><\/a>Dort wird dann auch die soeben erschienene Neuausgabe von &#8222;<a href=\"https:\/\/www.klett-sprachen.de\/alles-ist-echt\/t-7\/9783126660020\" target=\"_blank\" rel=\"noopener\">Alles ist echt<\/a>&#8220; (Klett-Verlag&#8220;) zum Einsatz kommen. Volles Programm also wieder mal!<\/span><\/p>\n<p>Einen milden M\u00e4rz w\u00fcnscht Karen-Susan Fessel!<\/p>\n<p><strong>Online-Workshops:<\/strong> Der n\u00e4chste Kreativ-Quickie startet am 6. M\u00e4rz; Informationen und Anmeldung auch f\u00fcr die neuen Onlineworkshops &#8222;Mein Buch&#8220; und &#8222;Biografisches Schreiben&#8220; und das Einzelcoaching unter <a href=\"http:\/\/www.karen-susan-fessel.de\/seminare\">www.karen-susan-fessel.de\/seminare<\/a><\/p>\n<p><strong>Ausgelesen<\/strong>:<em> Daniela Dr\u00f6scher: L\u00fcgen \u00fcber meine Mutter. Kiepenheuer und Witsch, K\u00f6ln 2022 \/<\/em> Die dicke Mutter &#8211; ein Thema f\u00fcr sich. Daniela Dr\u00f6scher schreibt in derart einf\u00fchlsamer Weise \u00fcber die Anfeindungen, die ihre \u00fcbergewichtige Mutter ertragen muss &#8211; vor allem seitens des Ehemannes, der sich mit ihrer K\u00f6rperf\u00fclle einfach nicht arrangieren kann -, und auch die Scham der Tochter, dass es mir mehrere Male die Kehle zugeschn\u00fcrt hat. Vor allem das komplizierte Verh\u00e4ltnis innerhalb ihrer Familie dient ihr immer wieder als Hebel, um die verkrusteten Strukturen und Sichtweisen aufzubrechen und neu zu bewerten. Ein hervorragendes Buch. \/\/<em>Lily King: Hotel Seattle. Erz\u00e4hlungen. C.H.Beck, M\u00fcnchen 2022<\/em> \/\/ Nur zwei Erz\u00e4hlungen von neun w\u00fcrde ich nicht die Bestnote erteilen, alle anderen aber berichten in klarer, direkter Sprache von den Unbilden des modernen Lebens, wobei &#8222;modern&#8220; durchaus weitgefasst werden kann. Die erste gro\u00dfe Liebe, das Sich-Zurechtfinden im Jugendalter, Einsamkeit als Schreckgespinst und die Risiken eines Outings in streng heterosexueller Umwelt &#8211; das sind Themen, mit denen sich die US-amerikanische Autorin und Hochschullehrerin in eindr\u00fccklicher Weise befasst. Endlich mal wieder ein richtig guter Kurzgeschichtenband!<\/p>\n<p style=\"text-align: center;\"><strong>Unter der Lupe:\u00a0Meine Werke<\/strong><\/p>\n<p style=\"text-align: center;\"><strong>Nr. 5: OUT! 500 ber\u00fchmte Lesben, Schule und Bisexuelle (1997), zusammen mit Axel Schock<\/strong><\/p>\n<p>Heute ist das Werk l\u00e4ngst von meinem Mitstreiter Axel Schock auf &#8222;800 ber\u00fchmte und au\u00dferordentliche Menschen aus allen Bereichen der Gesellschaft&#8220; erweitert; damals aber, im Erscheinungsjahr, waren in &#8222;Europas umfangreichstem \u201eWho\u2019s Who\u201c der lesbischen, schwulen und bisexuellen Welt&#8220; noch 500 Portr\u00e4ts versammelt. Und die haben mich und meinen Co-Autoren Axel Schock &#8211; sowie sp\u00e4ter auch den Verlag selbst &#8211; geh\u00f6rig Nerven gekostet.<\/p>\n<p>Axel Schock, umtriebiger Kulturjournalist, hatte die Vorarbeit geleistet und in akribischer Feinarbeit mehrere Hundert Personen samt Quellen zusammengetragen, die wir dann h\u00e4lftig abarbeiteten, wobei er die M\u00e4nner und ich die Frauen \u00fcbernahm (die wenigen Trans*personen, die damals schon bekannt waren, gingen dann auf unser beider Konto). Abarbeiten hie\u00df, nachzurecherchieren, ob die Fakten stimmten und die Quellen korrekt waren und im Zweifel konkret anzufragen, ob eine Ver\u00f6ffentlichung gew\u00fcnscht w\u00e4re.<\/p>\n<p>Von &#8222;meinen&#8220; weiblichen Kandidatinnen hagelte es reihenweise Absagen, darunter auch von mittlerweile l\u00e4ngst geouteten Personen des \u00f6ffentlichen Lebens. Aber 1996\/1997 war es einfach f\u00fcr viele offenbar noch zu fr\u00fch, sich zu einer lesbischen, schwulen oder auch bisexuellen Lebensweise zu bekennen. Axel und ich gaben uns alle M\u00fche, niemanden ungefragt zu outen, aber einer ging uns dann doch durch die Lappen und brachte damit fast den gesamten Verlag zum Erliegen: Eines Abends rief mich ein Herr auf dem Festnetztelefon an: &#8222;Jens Riewa, ARD Tagesschau.&#8220; Da ich damals nur h\u00f6chst selten fern sah, sagte mir der Name nichts, was ihm ein wenig zu missfallen schien.\u00a0 Schlie\u00dflich kam er zur Sache: Wie wir dazu k\u00e4men, ihn in &#8222;OUT&#8220; als &#8222;schwulen Kollegen&#8220; von Wilhelm Wieben (dem bekennend schwulen und schon verstorbenen Tagesschausprecher) zu titulieren?<\/p>\n<p>Ich wusste von nichts, und Axel, der gutgl\u00e4ubig auf diverse inoffizielle, also nicht verifizierte Quellen vertraut hatte, unter anderem ein Interview mit Wieben selbst, konnte nur die<\/p>\n<figure id=\"attachment_2302\" aria-describedby=\"caption-attachment-2302\" style=\"width: 176px\" class=\"wp-caption alignright\"><img loading=\"lazy\" decoding=\"async\" class=\"size-medium wp-image-2302\" src=\"http:\/\/www.karen-susan-fessel.de\/wp-content\/uploads\/OUT-500-176x300.jpg\" alt=\"\" width=\"176\" height=\"300\" srcset=\"https:\/\/www.karen-susan-fessel.de\/wp-content\/uploads\/OUT-500-176x300.jpg 176w, https:\/\/www.karen-susan-fessel.de\/wp-content\/uploads\/OUT-500.jpg 278w\" sizes=\"auto, (max-width: 176px) 100vw, 176px\" \/><figcaption id=\"caption-attachment-2302\" class=\"wp-caption-text\">OUT! Erstausgabe 1998<\/figcaption><\/figure>\n<p>Flucht nach vorn antreten. Aber auch eine Entschuldigung und das Angebot, die Passage in zuk\u00fcnftigen Auflagen zu streichen, n\u00fctzte nichts: Riewa verklagte den Verlag und bekam Recht. Nur eine Benefizveranstaltung und die finanziellen Zuwendungen einzelner G\u00f6nner*innen konnten den Verlag damals vor dem Ruin retten. Puh, nochmal Gl\u00fcck gehabt!<\/p>\n<p>Gelernt haben Axel und ich auch daraus: Alles immer akribisch pr\u00fcfen, am besten gleich zweimal &#8230;<\/p>\n<p>Karen-Susan Fessel\/ Axel Schock: OUT! 500 ber\u00fchmte Lesben, Schwule und Bisexuelle. Querverlag, Berlin 1997. Nur noch antiquarisch erh\u00e4ltlich. Der erweiterte Nachfolgeband &#8222;OUT! 800 ber\u00fchmte Lesben, Schwule und Bisexuelle ist weiterhin lieferbar.<\/p>\n","protected":false},"excerpt":{"rendered":"<p>Hier kommt die hundertsechste Ausgabe der Monatsbotin von Karen-Susan Fessel \u2013 mit Notizen, Gedanken und Terminen vom Schreibtisch aus dem vierten Stock in Berlin-Kreuzberg! Wem sie gef\u00e4llt: liebend gern weiterempfehlen! Eine kurze Mail mit dem Hinweis \u201eMonatsbotin gew\u00fcnscht\u201c an\u00a0kontakt@karen-susan-fessel.de\u00a0\u2013 und schon liegt sie Monat f\u00fcr Monat im virtuellen Briefkasten &#8230; Wer lieber Ruhe w\u00fcnscht, desgleichen! &hellip; <\/p>\n<p class=\"link-more\"><a href=\"https:\/\/www.karen-susan-fessel.de\/index.php\/die-monatsbotin-maerz-2023-notizen-aus-dem-vierten-stock\/\" class=\"more-link\"><span class=\"screen-reader-text\">\u201eDie Monatsbotin M\u00e4rz 2023 \/\/ Notizen aus dem vierten Stock\u201c <\/span>weiterlesen<\/a><\/p>\n","protected":false},"author":2,"featured_media":0,"comment_status":"open","ping_status":"open","sticky":false,"template":"","format":"standard","meta":{"footnotes":""},"categories":[1,3],"tags":[],"class_list":["post-2296","post","type-post","status-publish","format-standard","hentry","category-allgemein","category-neues-vom-schreibtisch"],"_links":{"self":[{"href":"https:\/\/www.karen-susan-fessel.de\/index.php\/wp-json\/wp\/v2\/posts\/2296","targetHints":{"allow":["GET"]}}],"collection":[{"href":"https:\/\/www.karen-susan-fessel.de\/index.php\/wp-json\/wp\/v2\/posts"}],"about":[{"href":"https:\/\/www.karen-susan-fessel.de\/index.php\/wp-json\/wp\/v2\/types\/post"}],"author":[{"embeddable":true,"href":"https:\/\/www.karen-susan-fessel.de\/index.php\/wp-json\/wp\/v2\/users\/2"}],"replies":[{"embeddable":true,"href":"https:\/\/www.karen-susan-fessel.de\/index.php\/wp-json\/wp\/v2\/comments?post=2296"}],"version-history":[{"count":7,"href":"https:\/\/www.karen-susan-fessel.de\/index.php\/wp-json\/wp\/v2\/posts\/2296\/revisions"}],"predecessor-version":[{"id":2321,"href":"https:\/\/www.karen-susan-fessel.de\/index.php\/wp-json\/wp\/v2\/posts\/2296\/revisions\/2321"}],"wp:attachment":[{"href":"https:\/\/www.karen-susan-fessel.de\/index.php\/wp-json\/wp\/v2\/media?parent=2296"}],"wp:term":[{"taxonomy":"category","embeddable":true,"href":"https:\/\/www.karen-susan-fessel.de\/index.php\/wp-json\/wp\/v2\/categories?post=2296"},{"taxonomy":"post_tag","embeddable":true,"href":"https:\/\/www.karen-susan-fessel.de\/index.php\/wp-json\/wp\/v2\/tags?post=2296"}],"curies":[{"name":"wp","href":"https:\/\/api.w.org\/{rel}","templated":true}]}}