{"id":279,"date":"2012-11-22T20:16:44","date_gmt":"2012-11-22T20:16:44","guid":{"rendered":"http:\/\/www.karen-susan-fessel.de\/?p=279"},"modified":"2017-01-16T15:00:17","modified_gmt":"2017-01-16T13:00:17","slug":"nachhoren-karen-susan-fessel-im-mdr-figaro-cafe","status":"publish","type":"post","link":"https:\/\/www.karen-susan-fessel.de\/index.php\/nachhoren-karen-susan-fessel-im-mdr-figaro-cafe\/","title":{"rendered":"Nachh\u00f6ren: Karen-Susan Fessel im MDR-Figaro-Caf\u00e9"},"content":{"rendered":"<p>Zu Gast im MDR-Figaro-Caf\u00e9 im Rahmen der ARD-Themenwoche &#8222;Leben mit dem Tod&#8220;: Karen-Susan Fessel im Gespr\u00e4ch mit dem Berliner Palliativmediziner Dr. Matthias Gockel und dem Trauerforscher Prof. Reiner S\u00f6rries, moderiert von Thomas Bille; live aufgezeichnet am Sonntag, dem 18. November in der Leipziger Moritzbastei:<\/p>\n<p><a href=\"http:\/\/www.mdr.de\/mdr-figaro\/podcast\/radiocafe\/audio399706.html\">MDR FIgaro &#8211; L\u00e4sst sich trauern lernen?<\/a><\/p>\n","protected":false},"excerpt":{"rendered":"<p>Zu Gast im MDR-Figaro-Caf\u00e9 im Rahmen der ARD-Themenwoche &#8222;Leben mit dem Tod&#8220;: Karen-Susan Fessel im Gespr\u00e4ch mit dem Berliner Palliativmediziner Dr. Matthias Gockel und dem Trauerforscher Prof. Reiner S\u00f6rries, moderiert von Thomas Bille; live aufgezeichnet am Sonntag, dem 18. November in der Leipziger Moritzbastei: MDR FIgaro &#8211; L\u00e4sst sich trauern lernen?<\/p>\n","protected":false},"author":2,"featured_media":0,"comment_status":"closed","ping_status":"closed","sticky":false,"template":"","format":"standard","meta":{"footnotes":""},"categories":[1],"tags":[],"class_list":["post-279","post","type-post","status-publish","format-standard","hentry","category-allgemein"],"_links":{"self":[{"href":"https:\/\/www.karen-susan-fessel.de\/index.php\/wp-json\/wp\/v2\/posts\/279","targetHints":{"allow":["GET"]}}],"collection":[{"href":"https:\/\/www.karen-susan-fessel.de\/index.php\/wp-json\/wp\/v2\/posts"}],"about":[{"href":"https:\/\/www.karen-susan-fessel.de\/index.php\/wp-json\/wp\/v2\/types\/post"}],"author":[{"embeddable":true,"href":"https:\/\/www.karen-susan-fessel.de\/index.php\/wp-json\/wp\/v2\/users\/2"}],"replies":[{"embeddable":true,"href":"https:\/\/www.karen-susan-fessel.de\/index.php\/wp-json\/wp\/v2\/comments?post=279"}],"version-history":[{"count":1,"href":"https:\/\/www.karen-susan-fessel.de\/index.php\/wp-json\/wp\/v2\/posts\/279\/revisions"}],"predecessor-version":[{"id":1153,"href":"https:\/\/www.karen-susan-fessel.de\/index.php\/wp-json\/wp\/v2\/posts\/279\/revisions\/1153"}],"wp:attachment":[{"href":"https:\/\/www.karen-susan-fessel.de\/index.php\/wp-json\/wp\/v2\/media?parent=279"}],"wp:term":[{"taxonomy":"category","embeddable":true,"href":"https:\/\/www.karen-susan-fessel.de\/index.php\/wp-json\/wp\/v2\/categories?post=279"},{"taxonomy":"post_tag","embeddable":true,"href":"https:\/\/www.karen-susan-fessel.de\/index.php\/wp-json\/wp\/v2\/tags?post=279"}],"curies":[{"name":"wp","href":"https:\/\/api.w.org\/{rel}","templated":true}]}}