{"id":935,"date":"2015-07-20T14:13:03","date_gmt":"2015-07-20T12:13:03","guid":{"rendered":"http:\/\/www.karen-susan-fessel.de\/?p=935"},"modified":"2017-01-16T14:59:37","modified_gmt":"2017-01-16T12:59:37","slug":"neuer-roman-was-in-den-schatten-ruht-erschienen","status":"publish","type":"post","link":"https:\/\/www.karen-susan-fessel.de\/index.php\/neuer-roman-was-in-den-schatten-ruht-erschienen\/","title":{"rendered":"Neuer Roman &#8222;Was in den Schatten ruht&#8220; erschienen!"},"content":{"rendered":"<p>Endlich ist es da: mein neues Buch! &#8222;Was in den Schatten ruht&#8220; (Kosmos Verlag, 237 Seiten, 12,99 \u20ac, der ultimative Wakeboard- und Wasserskiroman nicht nur f\u00fcr Fans &#8230; Als Vorbild f\u00fcr die Kulisse dient \u00fcbrigens die Wasserskianlage im emsl\u00e4ndischen Dankern. Und die erste Rezension gibt es auch schon: <a href=\"http:\/\/booknaerrisch.blogspot.de\/2015\/07\/was-in-den-schatten-ruht.html\" target=\"_blank\" rel=\"nofollow\">http:\/\/booknaerrisch.blogspot.de\/\u2026\/was-in-den-schatten-ruht\u2026<\/a><a href=\"http:\/\/www.karen-susan-fessel.de\/wp-content\/uploads\/Schattenruh.jpg\"><img loading=\"lazy\" decoding=\"async\" class=\"alignnone size-medium wp-image-936\" src=\"http:\/\/www.karen-susan-fessel.de\/wp-content\/uploads\/Schattenruh-188x300.jpg\" alt=\"Schattenruh\" width=\"188\" height=\"300\" srcset=\"https:\/\/www.karen-susan-fessel.de\/wp-content\/uploads\/Schattenruh-188x300.jpg 188w, https:\/\/www.karen-susan-fessel.de\/wp-content\/uploads\/Schattenruh.jpg 201w\" sizes=\"auto, (max-width: 188px) 100vw, 188px\" \/><\/a><\/p>\n<p>&nbsp;<\/p>\n","protected":false},"excerpt":{"rendered":"<p>Endlich ist es da: mein neues Buch! &#8222;Was in den Schatten ruht&#8220; (Kosmos Verlag, 237 Seiten, 12,99 \u20ac, der ultimative Wakeboard- und Wasserskiroman nicht nur f\u00fcr Fans &#8230; Als Vorbild f\u00fcr die Kulisse dient \u00fcbrigens die Wasserskianlage im emsl\u00e4ndischen Dankern. Und die erste Rezension gibt es auch schon: http:\/\/booknaerrisch.blogspot.de\/\u2026\/was-in-den-schatten-ruht\u2026 &nbsp;<\/p>\n","protected":false},"author":2,"featured_media":0,"comment_status":"closed","ping_status":"closed","sticky":false,"template":"","format":"standard","meta":{"footnotes":""},"categories":[1,3],"tags":[],"class_list":["post-935","post","type-post","status-publish","format-standard","hentry","category-allgemein","category-neues-vom-schreibtisch"],"_links":{"self":[{"href":"https:\/\/www.karen-susan-fessel.de\/index.php\/wp-json\/wp\/v2\/posts\/935","targetHints":{"allow":["GET"]}}],"collection":[{"href":"https:\/\/www.karen-susan-fessel.de\/index.php\/wp-json\/wp\/v2\/posts"}],"about":[{"href":"https:\/\/www.karen-susan-fessel.de\/index.php\/wp-json\/wp\/v2\/types\/post"}],"author":[{"embeddable":true,"href":"https:\/\/www.karen-susan-fessel.de\/index.php\/wp-json\/wp\/v2\/users\/2"}],"replies":[{"embeddable":true,"href":"https:\/\/www.karen-susan-fessel.de\/index.php\/wp-json\/wp\/v2\/comments?post=935"}],"version-history":[{"count":2,"href":"https:\/\/www.karen-susan-fessel.de\/index.php\/wp-json\/wp\/v2\/posts\/935\/revisions"}],"predecessor-version":[{"id":938,"href":"https:\/\/www.karen-susan-fessel.de\/index.php\/wp-json\/wp\/v2\/posts\/935\/revisions\/938"}],"wp:attachment":[{"href":"https:\/\/www.karen-susan-fessel.de\/index.php\/wp-json\/wp\/v2\/media?parent=935"}],"wp:term":[{"taxonomy":"category","embeddable":true,"href":"https:\/\/www.karen-susan-fessel.de\/index.php\/wp-json\/wp\/v2\/categories?post=935"},{"taxonomy":"post_tag","embeddable":true,"href":"https:\/\/www.karen-susan-fessel.de\/index.php\/wp-json\/wp\/v2\/tags?post=935"}],"curies":[{"name":"wp","href":"https:\/\/api.w.org\/{rel}","templated":true}]}}