{"id":942,"date":"2015-08-01T23:24:52","date_gmt":"2015-08-01T21:24:52","guid":{"rendered":"http:\/\/www.karen-susan-fessel.de\/?p=942"},"modified":"2017-01-16T14:59:37","modified_gmt":"2017-01-16T12:59:37","slug":"die-monatsbotin-august-2015-notizen-aus-dem-vierten-stock","status":"publish","type":"post","link":"https:\/\/www.karen-susan-fessel.de\/index.php\/die-monatsbotin-august-2015-notizen-aus-dem-vierten-stock\/","title":{"rendered":"Die Monatsbotin August 2015 \/\/ Notizen aus dem vierten Stock"},"content":{"rendered":"<p><strong>Hier kommt die dreiundzwanzigste\u00a0Ausgabe der\u00a0Monatsbotin\u00a0von Karen-Susan Fessel \u2013 mit Notizen, Gedanken und Terminen vom Schreibtisch aus dem vierten Stock in Berlin-Kreuzberg!<\/strong><\/p>\n<p>Wem sie gef\u00e4llt: liebend gern weiterempfehlen: \u00a0Eine kurze Mail mit dem Hinweis \u201eMonatsbotin gew\u00fcnscht\u201c an\u00a0<a href=\"mailto:kontakt@karen-susan-fessel.de\">kontakt@karen-susan-fessel.de<\/a>\u00a0\u2013 und schon liegt sie Monat f\u00fcr Monat im virtuellen Briefkasten \u200b&#8230;<\/p>\n<p>&nbsp;<\/p>\n<p><strong>Viel Spa\u00df beim Lesen w\u00fcnscht Karen-Susan Fessel!<\/strong><\/p>\n<p><strong>Was war?<\/strong><\/p>\n<p>Endlich Sommer \u2013 zumindest gelegentlich! Die eher schlechten Tage des Juli nutzte ich dann auch flei\u00dfig zum Schreiben \u2013 schlie\u00dflich brennt mir das neue Jugendbuch mit dem vorl\u00e4ufigen Arbeitstitel \u201eDie f\u00fcnfte Ecke\u201c geradezu unter den Fingern. Und so wuchs der Roman, der im Sommer 2017 im Oetinger Taschenbuch Verlag erscheinen wird, um weitere 62 Seiten auf 124. Noch ungef\u00e4hr 40 bis 50 Seiten sind noch zu schreiben, aber ob ich die bis zu meinem hei\u00dfersehnten Gotland-Urlaub in der zweiten Augusth\u00e4lfte allesamt zu Papier bringe, wage ich zu bezweifeln. Wenn nicht, macht es aber nichts, denn Abgabe ist erst Anfang Oktober, und bis dahin habe ich ja den ganzen September \u00fcber noch Zeit!<\/p>\n<p>Zwischen der Arbeit an \u201eDie f\u00fcnfte Ecke\u201c war dann noch der zweite Lektoratsdurchgang meines im Januar n\u00e4chsten Jahres bei Kosmos erscheinenden Kinderbuchs mit dem vorl\u00e4ufigen Titel \u201eHiphop, Hund und Herzgeh\u00fcpfe\u201c zu erledigen. Und wovon handelt das Buch f\u00fcr eine Leserschaft ab 10 Jahren? Na, von Hiphop nat\u00fcrlich (und Ballett!), einem sehr s\u00fc\u00dfem Hund und h\u00fcpfenden Herzen \u2026 Das Cover liegt auch schon im Entwurf vor und gef\u00e4llt mir ausgezeichnet, vor allem die kreischend gr\u00fcne Farbe. So ein auff\u00e4lliges Cover hatte ich noch nie zuvor!<\/p>\n<p>Und auch im Juli war ich, wie schon im Monat zuvor, wieder einmal in der bei G\u00f6ttingen gelegenen Akademie Waldschl\u00f6sschen zu Gast, wo ich vom 23. bis zum 26. im Rahmen der Kreativen Sommerakademie das Vergn\u00fcgen hatte, f\u00fcr zehn flotte Herren einen h\u00f6chst vergn\u00fcglichen und produktiven Schreibworkshop zu leiten, schon zum f\u00fcnften Mal in Folge. Die besten Ergebnisse wurden dann am Abschlussabend einer gr\u00f6\u00dferen Runde pr\u00e4sentiert und wie jedes Mal mit gro\u00dfer Begeisterung aufgenommen. Ich freue mich schon auf n\u00e4chstes Jahr!<\/p>\n<p><strong>Und was kommt?<\/strong><\/p>\n<p>Zun\u00e4chst einmal hoffentlich endlich das in den Wirren des Poststreiks verschollene, mir zugedachte Paket mit den Belegexemplaren meines vor drei Wochen frisch im Kosmos-Verlag erschienenen Jugendromans \u201eWas in den Schatten ruht\u201c. Das hatte ich auch noch nie: In den Buchhandlungen liegt der Roman schon seit Wochen aus, aber bei mir zu Hause nur das mir von meiner f\u00fcrsorglichen Lektorin privat \u00fcbersandte Exemplar. Langsam wird es auch Zeit, denn immerhin m\u00f6chte ja auch die Gewinnerin des Julipreisr\u00e4tsels, Stephanie H. aus F., endlich ihr pers\u00f6nlich signiertes Exemplar erhalten. Sie war die einzige Einsenderin, die \u2013 allerdings erst im zweiten Anlauf! \u2013 die Preisfrage richtig beantwortete. Die Frage lautete: Um meine wievielte Buchver\u00f6ffentlichung handelt es sich bei \u201eWas in den Schatten ruht\u201c? Ja, richtig, um die Nummer 30! Aber eigentlich um die Nr. 31, denn ein weiteres Buch habe ich unter einem m\u00e4nnlichen Pseudonym geschrieben. Was allerdings nat\u00fcrlich nicht mitz\u00e4hlte \u2026<\/p>\n<p>\u00d6ffentliche Termine stehen im sch\u00f6nen August nicht mehr an, und auch das geplante Einlesen der H\u00f6rb\u00fccher, allen voran \u201eBronko, meine Frau Mutter und ich\u201c, \u00a0muss noch warten \u2013 aber immerhin ist das technische Equipment endlich eingetroffen! Gleich nach Beendigung der Rohfassung von \u201eDie f\u00fcnfte Ecke\u201c geht es los damit. Dann ist auch die zweimonatige Sommerpause f\u00fcr die Online-Workshops zu Ende. Am 31. August geht es wieder los, Anmeldungen sind aber bereits jetzt m\u00f6glich!<\/p>\n<p>Und weil Urlaubszeit ist und die Hitze in der gro\u00dfen Stadt in diesen Tagen wieder Einzug h\u00e4lt, fasse ich mich in dieser Monatsbotin ausnahmsweise einmal recht kurz. Wer dar\u00fcber ungl\u00fccklich ist, dem empfehle ich stattdessen einen Blick auf meine Website \u2013 oder noch besser: in meine B\u00fccher \u2026<\/p>\n<p><strong>Eine entspannte, sch\u00f6ne Ferienzeit w\u00fcnscht Karen-Susan Fessel!<\/strong><\/p>\n<p><strong>Onlineworkshops<\/strong>: Der n\u00e4chste Kreativ-Quickie beginnt am 1. September \u2013 Anmeldung bereits jetzt m\u00f6glich! Weitere Informationen und Anmeldung auch f\u00fcr die Workshops \u201eMein Buch\u201c und \u201eBiografisches Schreiben\u201c (n\u00e4chster Termin f\u00fcr beide Workshops: Beginn 31. August) sowie Einzelcoaching unter\u00a0<a href=\"http:\/\/www.karen-susan-fessel.de\/seminare\">www.karen-susan-fessel.de\/seminare<\/a><\/p>\n","protected":false},"excerpt":{"rendered":"<p>Hier kommt die dreiundzwanzigste\u00a0Ausgabe der\u00a0Monatsbotin\u00a0von Karen-Susan Fessel \u2013 mit Notizen, Gedanken und Terminen vom Schreibtisch aus dem vierten Stock in Berlin-Kreuzberg! Wem sie gef\u00e4llt: liebend gern weiterempfehlen: \u00a0Eine kurze Mail mit dem Hinweis \u201eMonatsbotin gew\u00fcnscht\u201c an\u00a0kontakt@karen-susan-fessel.de\u00a0\u2013 und schon liegt sie Monat f\u00fcr Monat im virtuellen Briefkasten \u200b&#8230; &nbsp; Viel Spa\u00df beim Lesen w\u00fcnscht Karen-Susan Fessel! &hellip; <\/p>\n<p class=\"link-more\"><a href=\"https:\/\/www.karen-susan-fessel.de\/index.php\/die-monatsbotin-august-2015-notizen-aus-dem-vierten-stock\/\" class=\"more-link\"><span class=\"screen-reader-text\">\u201eDie Monatsbotin August 2015 \/\/ Notizen aus dem vierten Stock\u201c <\/span>weiterlesen<\/a><\/p>\n","protected":false},"author":2,"featured_media":0,"comment_status":"closed","ping_status":"closed","sticky":false,"template":"","format":"standard","meta":{"footnotes":""},"categories":[1,3],"tags":[],"class_list":["post-942","post","type-post","status-publish","format-standard","hentry","category-allgemein","category-neues-vom-schreibtisch"],"_links":{"self":[{"href":"https:\/\/www.karen-susan-fessel.de\/index.php\/wp-json\/wp\/v2\/posts\/942","targetHints":{"allow":["GET"]}}],"collection":[{"href":"https:\/\/www.karen-susan-fessel.de\/index.php\/wp-json\/wp\/v2\/posts"}],"about":[{"href":"https:\/\/www.karen-susan-fessel.de\/index.php\/wp-json\/wp\/v2\/types\/post"}],"author":[{"embeddable":true,"href":"https:\/\/www.karen-susan-fessel.de\/index.php\/wp-json\/wp\/v2\/users\/2"}],"replies":[{"embeddable":true,"href":"https:\/\/www.karen-susan-fessel.de\/index.php\/wp-json\/wp\/v2\/comments?post=942"}],"version-history":[{"count":2,"href":"https:\/\/www.karen-susan-fessel.de\/index.php\/wp-json\/wp\/v2\/posts\/942\/revisions"}],"predecessor-version":[{"id":944,"href":"https:\/\/www.karen-susan-fessel.de\/index.php\/wp-json\/wp\/v2\/posts\/942\/revisions\/944"}],"wp:attachment":[{"href":"https:\/\/www.karen-susan-fessel.de\/index.php\/wp-json\/wp\/v2\/media?parent=942"}],"wp:term":[{"taxonomy":"category","embeddable":true,"href":"https:\/\/www.karen-susan-fessel.de\/index.php\/wp-json\/wp\/v2\/categories?post=942"},{"taxonomy":"post_tag","embeddable":true,"href":"https:\/\/www.karen-susan-fessel.de\/index.php\/wp-json\/wp\/v2\/tags?post=942"}],"curies":[{"name":"wp","href":"https:\/\/api.w.org\/{rel}","templated":true}]}}