{"id":945,"date":"2015-08-31T20:56:34","date_gmt":"2015-08-31T18:56:34","guid":{"rendered":"http:\/\/www.karen-susan-fessel.de\/?p=945"},"modified":"2017-01-16T14:59:37","modified_gmt":"2017-01-16T12:59:37","slug":"notizen-aus-dem-vierten-stock-die-monatsbotin-september-2015","status":"publish","type":"post","link":"https:\/\/www.karen-susan-fessel.de\/index.php\/notizen-aus-dem-vierten-stock-die-monatsbotin-september-2015\/","title":{"rendered":"Die Monatsbotin September 2015  \/\/ Notizen aus dem vierten Stock"},"content":{"rendered":"<p><strong>Hier kommt die vierundzwanzigste\u00a0Ausgabe der\u00a0Monatsbotin\u00a0von Karen-Susan Fessel \u2013 mit Notizen, Gedanken und Terminen vom Schreibtisch aus dem vierten Stock in Berlin-Kreuzberg!<\/strong><\/p>\n<p>Wem sie gef\u00e4llt: liebend gern weiterempfehlen und\/oder selbst abonnieren! \u00a0Eine kurze Mail mit dem Hinweis \u201eMonatsbotin gew\u00fcnscht\u201c an\u00a0<a href=\"mailto:kontakt@karen-susan-fessel.de\">kontakt@karen-susan-fessel.de<\/a>\u00a0\u2013 und schon liegt sie Monat f\u00fcr Monat im virtuellen Briefkasten \u200b&#8230;<\/p>\n<p><strong>Viel Spa\u00df beim Lesen w\u00fcnscht Karen-Susan Fessel!<\/strong><\/p>\n<p><strong>Was war?<\/strong><\/p>\n<p>Endlich richtig Sommer \u2013 und nicht nur ein paar Tage! Wenn ich im Juli die eher k\u00fchlen Tage flei\u00dfig zum Schreiben nutzte, so waren es jetzt die hei\u00dfen Tage in der ersten Augusth\u00e4lfte, in denen ich in meinem angenehm temperierten Nordzimmer mein aktuelles Werk um weitere knapp vierzig Seiten voranbrachte. Das Jugendbuch mit dem vorl\u00e4ufigen Arbeitstitel \u201eDie f\u00fcnfte Ecke\u201c, das im Sommer 2017 im Oetinger Taschenbuch Verlag erscheinen wird, ist in der Rohfassung nun fast fertig; noch ungef\u00e4hr knapp zwanzig Seiten liegen noch vor mir. Insgeheim hatte ich ja damit gelieb\u00e4ugelt, den Roman noch vor meinem hei\u00dfersehnten Gotland-Urlaub fertigzustellen, aber daraus wurde nichts. Und das lag nicht nur an der gl\u00fchenden Hauptstadthitze, sondern an einem weiteren Kurztrip in die Heimat der Spreewaldgurke, die Niederlausitz. Wo ich mir prompt an der neuer\u00f6ffneten Wakeboardanlage in Halbendorf fast die Schulter ausrenkte. Solch eine rasante Kurve wie dort habe ich noch an keiner anderen Anlage mit meinen Wakeskiern bewerkstelligen m\u00fcssen, aber beim zweiten Anlauf klappte es dann ganz ordentlich, und auch \u00fcber die Kicker kam ich gut r\u00fcber. Und wer nun mein neuestes Buch <a href=\"http:\/\/www.kosmos.de\/produktdetail-1-1\/was_in_den_schatten_ruht-7800\/\">\u201eWas in den Schatten ruht\u201c<\/a> (im Juli im Kosmos-Verlag erschienen) gelesen hat, der wei\u00df auch genau, wovon ich spreche! Allen anderen sei das Werk w\u00e4rmstens zum Nachlesen ans Herz gelegt.<\/p>\n<p>Nach Seite 161 also stand dann der Gotland-Urlaub an, auf den ich mich seit einem Jahr gefreut habe \u2013 zu Recht! Sch\u00f6n war es auf der wunderbaren schwedischen Insel der Rosen und Ruinen, nur viel zu kurz! Am Sonntagabend um 20.05h machte in Rostock die aus Trelleborg kommende F\u00e4hre mit unserer aus sechs Erwachsenen, einer Jugendlichen, einem Knaben und einem Hund bestehenden, auf zwei vollgepackte, zus\u00e4tzlich mit insgesamt f\u00fcnf Fahrr\u00e4dern beladenen Autos verteilte Reisegesellschaft fest. Alle Zweibeiner haben eine sch\u00f6ne Farbe und vom Wandern und Schwimmen straffe Beine und Arme bekommen, und sowohl das eifrig benutzte Doppelkopf- wie auch das Phase-10-Spiel wanderten noch im F\u00e4hrhafen wegen endg\u00fcltiger Zerfledderung in den M\u00fclleimer.<\/p>\n<p>Mein Laptop mit den 161 gespeicherten Seiten hatte ich \u00fcbrigens auch dabei. Allerdings blieb er ausgeschaltet. Und nicht nur wegen angenehmen Sommerwetters!<\/p>\n<p><strong>Und was kommt?<\/strong><\/p>\n<p>Zun\u00e4chst einmal nat\u00fcrlich steht der Endspurt von \u201eDie f\u00fcnfte Ecke\u201c an, den ich sp\u00e4testens in der n\u00e4chsten Woche hinter mich gebracht haben m\u00f6chte. Mit gemischten Gef\u00fchlen, den die Arbeit an diesem Buch hat mir ganz besonders viel Freude gemacht. Zumal es \u2013 ein Novum \u2013 einen Handlungsstrang darin gibt, den ich entgegen meiner sonstigen Arbeitsweise nicht vorab skizziert und \u00fcberdacht, sondern einfach mitlaufen lassen habe. Ein kluger Schachzug, finde ich, denn jetzt, so kurz vor dem Ende, wei\u00df ich immer noch nicht genau, wie ich die losen F\u00e4den zusammenf\u00fchren werde. Was eine subtile Erh\u00f6hung der Spannung beim Schreiben bedeutet. Wenn sich das wieder einmal anbietet, werde ich gewiss \u00e4hnlich verfahren \u2013 auch beim einunddrei\u00dfigsten Buch gibt es also immer noch wieder \u00dcberraschungen bei der Schreibarbeit zu erleben!<\/p>\n<p>\u00d6ffentliche Termine stehen, wie im August, auch im September nicht an, aber eine besondere Festivit\u00e4t: das zwanzigj\u00e4hrige Jubil\u00e4um meines Berliner Stammverlages, des <a href=\"http:\/\/www.querverlag.de\/\">Querverlages<\/a>, am 26. September. Nur zu gern erinnere ich mich immer wieder an den legend\u00e4ren Auftritt, den ich gemeinsam mit meinen Verlagskollegen und guten Freunden Manuela Kay und Axel Schock zum Zehnj\u00e4hrigen seinerzeit auf die B\u00fchne brachte: \u201eLies ein Buch\u201c, neu getextet zur Melodie von \u201eTi amo\u201c. Und als Dreingabe dann mein Soloauftritt mit Dalia Lavis glorreicher Hymne \u201eW\u00e4r ich ein Buch \u2026\u201c Nun aber, da wir alle und der Verlag noch dazu um zehn Jahre gereift sind, steht wiederum ein Beitrag f\u00fcrs Festprogramm an, diesmal ein Sketch mit einem von mir frisch geschriebenen Originaltext, den ich mit meiner Duettpartnerin noch in dieser Woche auswendig lernen und ein\u00fcben werde. Leider ist die Party nicht \u00f6ffentlich, aber vielleicht gibt es ja eine Videoaufnahme, die ich ggfs. sp\u00e4ter pr\u00e4sentieren kann \u2026 vorausgesetzt, der Text sitzt \u2026<\/p>\n<p>Und noch in diesem Monat werde ich endlich mit dem lange geplanten Einlesen der H\u00f6rb\u00fccher, allen voran \u201eBronko, meine Frau Mutter und ich\u201c, \u00a0beginnen. Gleich nach Beendigung der Rohfassung von \u201eDie f\u00fcnfte Ecke\u201c geht es los damit. Und auch die Onlineworkshops stehen wieder an, die Sommerpause ist zu Ende. Anmeldungen sind jederzeit m\u00f6glich!<\/p>\n<p><strong>Einen l\u00e4ssigen September w\u00fcnscht Karen-Susan Fessel!<\/strong><\/p>\n<p><strong>Onlineworkshops<\/strong>: Die n\u00e4chsten Kreativ-Quickies beginnen am 1. September und am 2. Oktober! Weitere Informationen und Anmeldung auch f\u00fcr die Workshops \u201eMein Buch\u201c und \u201eBiografisches Schreiben\u201c sowie Einzelcoaching unter\u00a0<a href=\"http:\/\/www.karen-susan-fessel.de\/seminare\">www.karen-susan-fessel.de\/seminare<\/a><\/p>\n","protected":false},"excerpt":{"rendered":"<p>Hier kommt die vierundzwanzigste\u00a0Ausgabe der\u00a0Monatsbotin\u00a0von Karen-Susan Fessel \u2013 mit Notizen, Gedanken und Terminen vom Schreibtisch aus dem vierten Stock in Berlin-Kreuzberg! Wem sie gef\u00e4llt: liebend gern weiterempfehlen und\/oder selbst abonnieren! \u00a0Eine kurze Mail mit dem Hinweis \u201eMonatsbotin gew\u00fcnscht\u201c an\u00a0kontakt@karen-susan-fessel.de\u00a0\u2013 und schon liegt sie Monat f\u00fcr Monat im virtuellen Briefkasten \u200b&#8230; Viel Spa\u00df beim Lesen w\u00fcnscht &hellip; <\/p>\n<p class=\"link-more\"><a href=\"https:\/\/www.karen-susan-fessel.de\/index.php\/notizen-aus-dem-vierten-stock-die-monatsbotin-september-2015\/\" class=\"more-link\"><span class=\"screen-reader-text\">\u201eDie Monatsbotin September 2015  \/\/ Notizen aus dem vierten Stock\u201c <\/span>weiterlesen<\/a><\/p>\n","protected":false},"author":2,"featured_media":0,"comment_status":"closed","ping_status":"closed","sticky":false,"template":"","format":"standard","meta":{"footnotes":""},"categories":[1,3],"tags":[],"class_list":["post-945","post","type-post","status-publish","format-standard","hentry","category-allgemein","category-neues-vom-schreibtisch"],"_links":{"self":[{"href":"https:\/\/www.karen-susan-fessel.de\/index.php\/wp-json\/wp\/v2\/posts\/945","targetHints":{"allow":["GET"]}}],"collection":[{"href":"https:\/\/www.karen-susan-fessel.de\/index.php\/wp-json\/wp\/v2\/posts"}],"about":[{"href":"https:\/\/www.karen-susan-fessel.de\/index.php\/wp-json\/wp\/v2\/types\/post"}],"author":[{"embeddable":true,"href":"https:\/\/www.karen-susan-fessel.de\/index.php\/wp-json\/wp\/v2\/users\/2"}],"replies":[{"embeddable":true,"href":"https:\/\/www.karen-susan-fessel.de\/index.php\/wp-json\/wp\/v2\/comments?post=945"}],"version-history":[{"count":4,"href":"https:\/\/www.karen-susan-fessel.de\/index.php\/wp-json\/wp\/v2\/posts\/945\/revisions"}],"predecessor-version":[{"id":947,"href":"https:\/\/www.karen-susan-fessel.de\/index.php\/wp-json\/wp\/v2\/posts\/945\/revisions\/947"}],"wp:attachment":[{"href":"https:\/\/www.karen-susan-fessel.de\/index.php\/wp-json\/wp\/v2\/media?parent=945"}],"wp:term":[{"taxonomy":"category","embeddable":true,"href":"https:\/\/www.karen-susan-fessel.de\/index.php\/wp-json\/wp\/v2\/categories?post=945"},{"taxonomy":"post_tag","embeddable":true,"href":"https:\/\/www.karen-susan-fessel.de\/index.php\/wp-json\/wp\/v2\/tags?post=945"}],"curies":[{"name":"wp","href":"https:\/\/api.w.org\/{rel}","templated":true}]}}